{"id":211931,"date":"2026-01-02T13:23:08","date_gmt":"2026-01-02T13:23:08","guid":{"rendered":"https:\/\/www.europesays.com\/pt\/211931\/"},"modified":"2026-01-02T13:23:08","modified_gmt":"2026-01-02T13:23:08","slug":"mercado-alverca-perto-de-fechar-promessa-marroquina","status":"publish","type":"post","link":"https:\/\/www.europesays.com\/pt\/211931\/","title":{"rendered":"Mercado: Alverca perto de fechar promessa marroquina"},"content":{"rendered":"<p>O <a class=\"autolink-enabled\" data-resource-id=\"452\" data-resource-type=\"team\" data-sport=\"football\" href=\"https:\/\/www.abola.pt\/futebol\/alverca-452\" rel=\"nofollow noopener\" target=\"_blank\">Alverca<\/a> continua ativo no mercado de transfer\u00eancias e pode estar perto de refor\u00e7ar o plantel \u00e0s ordens de Cust\u00f3dio Castro com a chegada de Zakaria Kassary, apurou <strong>A BOLA<\/strong>. O m\u00e9dio marroquino, de 19 anos, pertence ao Union Touarga, de Marrocos, e est\u00e1 referenciado pelo clube ribatejano para um poss\u00edvel empr\u00e9stimo com op\u00e7\u00e3o de compra.<\/p>\n<p>Formado na Academia Mohammed VI, Kassary estreou-se como s\u00e9nior esta temporada no campeonato marroquino, onde tem vindo a somar tempo de jogo &#8211; oito jogos &#8211; e j\u00e1 com um golo apontado, chamando a aten\u00e7\u00e3o pela regularidade exibida. O jovem destaca-se pela leitura de jogo, robustez f\u00edsica e versatilidade, podendo atuar tanto na posi\u00e7\u00e3o 6 como a 8.<\/p>\n<p>Uma das grandes promessas do futebol marroquino, o internacional jovem pelo pa\u00eds do Magrebe \u00e9 visto como uma solu\u00e7\u00e3o de futuro, com margem para crescer e, gradualmente, ter impacto na equipa principal dos ribatejanos. <\/p>\n<p>As negocia\u00e7\u00f5es ainda decorrem, mas o dossi\u00ea est\u00e1 perto de um desfecho, nas pr\u00f3ximas horas ou dias.<\/p>\n","protected":false},"excerpt":{"rendered":"O Alverca continua ativo no mercado de transfer\u00eancias e pode estar perto de refor\u00e7ar o plantel \u00e0s ordens&hellip;\n","protected":false},"author":2,"featured_media":211932,"comment_status":"","ping_status":"","sticky":false,"template":"","format":"standard","meta":{"footnotes":""},"categories":[50],"tags":[27,28,15,16,14,25,26,21,22,62,12,13,19,20,23,24,17,18,29,30,31,63,64,65],"class_list":{"0":"post-211931","1":"post","2":"type-post","3":"status-publish","4":"format-standard","5":"has-post-thumbnail","7":"category-mundo","8":"tag-breaking-news","9":"tag-breakingnews","10":"tag-featured-news","11":"tag-featurednews","12":"tag-headlines","13":"tag-latest-news","14":"tag-latestnews","15":"tag-main-news","16":"tag-mainnews","17":"tag-mundo","18":"tag-news","19":"tag-noticias","20":"tag-noticias-principais","21":"tag-noticiasprincipais","22":"tag-principais-noticias","23":"tag-principaisnoticias","24":"tag-top-stories","25":"tag-topstories","26":"tag-ultimas","27":"tag-ultimas-noticias","28":"tag-ultimasnoticias","29":"tag-world","30":"tag-world-news","31":"tag-worldnews"},"share_on_mastodon":{"url":"https:\/\/pubeurope.com\/@pt\/115825724843653072","error":""},"_links":{"self":[{"href":"https:\/\/www.europesays.com\/pt\/wp-json\/wp\/v2\/posts\/211931","targetHints":{"allow":["GET"]}}],"collection":[{"href":"https:\/\/www.europesays.com\/pt\/wp-json\/wp\/v2\/posts"}],"about":[{"href":"https:\/\/www.europesays.com\/pt\/wp-json\/wp\/v2\/types\/post"}],"author":[{"embeddable":true,"href":"https:\/\/www.europesays.com\/pt\/wp-json\/wp\/v2\/users\/2"}],"replies":[{"embeddable":true,"href":"https:\/\/www.europesays.com\/pt\/wp-json\/wp\/v2\/comments?post=211931"}],"version-history":[{"count":0,"href":"https:\/\/www.europesays.com\/pt\/wp-json\/wp\/v2\/posts\/211931\/revisions"}],"wp:featuredmedia":[{"embeddable":true,"href":"https:\/\/www.europesays.com\/pt\/wp-json\/wp\/v2\/media\/211932"}],"wp:attachment":[{"href":"https:\/\/www.europesays.com\/pt\/wp-json\/wp\/v2\/media?parent=211931"}],"wp:term":[{"taxonomy":"category","embeddable":true,"href":"https:\/\/www.europesays.com\/pt\/wp-json\/wp\/v2\/categories?post=211931"},{"taxonomy":"post_tag","embeddable":true,"href":"https:\/\/www.europesays.com\/pt\/wp-json\/wp\/v2\/tags?post=211931"}],"curies":[{"name":"wp","href":"https:\/\/api.w.org\/{rel}","templated":true}]}}