{"id":211945,"date":"2026-01-02T13:33:07","date_gmt":"2026-01-02T13:33:07","guid":{"rendered":"https:\/\/www.europesays.com\/pt\/211945\/"},"modified":"2026-01-02T13:33:07","modified_gmt":"2026-01-02T13:33:07","slug":"por-que-descansar-deve-ser-a-sua-grande-meta-em-2026","status":"publish","type":"post","link":"https:\/\/www.europesays.com\/pt\/211945\/","title":{"rendered":"Por que descansar deve ser a sua grande meta em 2026"},"content":{"rendered":"<p data-component-name=\"paragraph\" class=\"styles__ParagraphStyled-sc-6adecn-0 gsLklW  \">A sensa\u00e7\u00e3o de cansa\u00e7o constante deixou de ser um problema individual para se tornar quase um estado coletivo. Mesmo ap\u00f3s uma noite inteira de sono, muita gente acorda exausta, irritada e com dificuldade de concentra\u00e7\u00e3o. Em um mundo que associa produtividade \u00e0 virtude e trata qualquer pausa como desperd\u00edcio de tempo, descansar virou algo dif\u00edcil \u2014 e, muitas vezes, culpabilizante.<\/p>\n<p data-component-name=\"paragraph\" class=\"styles__ParagraphStyled-sc-6adecn-0 gsLklW  \">Diante desse cen\u00e1rio, especialistas defendem que transformar o descanso em uma meta clara para 2026 n\u00e3o \u00e9 um luxo nem uma tend\u00eancia de bem-estar \u2014 trata-se de uma estrat\u00e9gia de sobreviv\u00eancia f\u00edsica e mental. E ela se apoia em dois pilares que caminham juntos: o <a href=\"https:\/\/www.estadao.com.br\/tudo-sobre\/sono\/\" target=\"_blank\" rel=\"nofollow noopener\" title=\"https:\/\/www.estadao.com.br\/tudo-sobre\/sono\/\">sono<\/a> noturno de qualidade e os momentos de pausa e \u00f3cio ao longo do dia.<\/p>\n<p><img  loading=\"lazy\" class=\"lazy-load-img\"\/><\/p>\n<p>Momentos de \u00f3cio ao longo do dia s\u00e3o importantes para a sa\u00fade f\u00edsica e mental.\u00a0Foto:  Africa Studio\/Adobe Stock<\/p>\n<p>Exaust\u00e3o: sintoma de um sistema<\/p>\n<p>Antes de falar em solu\u00e7\u00f5es, por\u00e9m, \u00e9 preciso entender por que descansar se tornou t\u00e3o dif\u00edcil. Segundo Fernando Gomes, neurocientista e professor livre-docente da Universidade de S\u00e3o Paulo (USP), a sensa\u00e7\u00e3o coletiva de exaust\u00e3o reflete as demandas sociais e profissionais contempor\u00e2neas, intensificadas pela era digital. \u201cVivemos em um ambiente de conectividade 24 horas por dia, o que leva a um estado cr\u00f4nico de hiperest\u00edmulo\u201d, afirma. <\/p>\n<p>Essa superexposi\u00e7\u00e3o a informa\u00e7\u00f5es, somada ao <a href=\"https:\/\/www.estadao.com.br\/tudo-sobre\/estresse\/\" target=\"_blank\" rel=\"nofollow noopener\" title=\"https:\/\/www.estadao.com.br\/tudo-sobre\/estresse\/\">estresse<\/a> constante, afeta diretamente a sa\u00fade mental e f\u00edsica. \u201cA dificuldade em descansar est\u00e1 ligada \u00e0 incapacidade de desconectar, tanto f\u00edsica quanto mentalmente, criando um ciclo de fadiga que se retroalimenta.\u201d<\/p>\n<p>O que o sono faz pelo c\u00e9rebro e pelo corpo<\/p>\n<p data-component-name=\"paragraph\" class=\"styles__ParagraphStyled-sc-6adecn-0 gsLklW  \">Se a hiperestimula\u00e7\u00e3o mant\u00e9m o <a href=\"https:\/\/www.estadao.com.br\/tudo-sobre\/cerebro\/\" target=\"_blank\" rel=\"nofollow noopener\" title=\"https:\/\/www.estadao.com.br\/tudo-sobre\/cerebro\/\">c\u00e9rebro<\/a> em estado permanente de alerta, o sono \u00e9 o principal ant\u00eddoto a esse excesso. E dormir n\u00e3o \u00e9 apenas interromper o dia, \u00e9 um processo ativo e vital para o funcionamento do organismo. <\/p>\n<p data-component-name=\"paragraph\" class=\"styles__ParagraphStyled-sc-6adecn-0 gsLklW  \">\u201cSem sono de qualidade, nada funciona direito\u201d, explica a psic\u00f3loga Laura Castro, s\u00f3cia da plataforma Vigilantes do Sono. \u201cO organismo fica mais vulner\u00e1vel \u00e0 inflama\u00e7\u00e3o e \u00e0 contamina\u00e7\u00e3o, e o senso de ju\u00edzo fica comprometido. Perdemos parte da capacidade de reconhecer situa\u00e7\u00f5es amea\u00e7adoras e ficamos mais irrit\u00e1veis, confusos ou emocionalmente inst\u00e1veis.\u201d<\/p>\n<p data-component-name=\"paragraph\" class=\"styles__ParagraphStyled-sc-6adecn-0 gsLklW  \">O neurologista Lucio Huebra, membro da diretoria da Academia Brasileira do Sono (ABS), refor\u00e7a que, durante o sono, o c\u00e9rebro reorganiza conex\u00f5es neuronais, consolida mem\u00f3rias, regula emo\u00e7\u00f5es, produz horm\u00f4nios essenciais e realiza uma esp\u00e9cie de \u201climpeza cerebral\u201d. \u201cSem sono adequado, o c\u00e9rebro envelhece mais r\u00e1pido e o risco de doen\u00e7as neurodegenerativas, como o <a href=\"https:\/\/www.estadao.com.br\/tudo-sobre\/alzheimer\/\" target=\"_blank\" rel=\"nofollow noopener\" title=\"https:\/\/www.estadao.com.br\/tudo-sobre\/alzheimer\/\">Alzheimer<\/a>, \u00e9 maior\u201d, alerta.<\/p>\n<p>Inimigos do sono<\/p>\n<p data-component-name=\"paragraph\" class=\"styles__ParagraphStyled-sc-6adecn-0 gsLklW  \">Entre os principais inimigos do sono, Laura destaca o <a href=\"https:\/\/www.estadao.com.br\/saude\/tecnoferencia-conheca-o-fenomeno-atual-que-prejudica-a-comunicacao-familiar\/\" target=\"_blank\" rel=\"nofollow noopener\" title=\"https:\/\/www.estadao.com.br\/saude\/tecnoferencia-conheca-o-fenomeno-atual-que-prejudica-a-comunicacao-familiar\/\">uso excessivo de telas<\/a>. \u201cElas roubam tempo de descanso, mas tamb\u00e9m t\u00eam efeitos mais silenciosos\u201d, diz. <\/p>\n<p data-component-name=\"paragraph\" class=\"styles__ParagraphStyled-sc-6adecn-0 gsLklW  \">A exposi\u00e7\u00e3o \u00e0 luminosidade intensa e, sobretudo, a conte\u00fados emocionalmente dif\u00edceis perto da hora de dormir interfere no processo natural de desacelera\u00e7\u00e3o do corpo. \u201c\u00c9 como se d\u00e9ssemos uma carga de curto-circuito no sistema.\u201d O problema se agrava com algoritmos desenhados para capturar aten\u00e7\u00e3o. \u201cO excesso de qualquer coisa \u00e9 prejudicial, mas o excesso de telas programadas para o v\u00edcio \u00e9 ainda mais.\u201d<\/p>\n<p data-component-name=\"paragraph\" class=\"styles__ParagraphStyled-sc-6adecn-0 gsLklW  \">Gomes chama aten\u00e7\u00e3o para o papel do estresse e da ansiedade, que mant\u00eam o c\u00e9rebro em estado constante de alerta, dificultando o relaxamento. A alimenta\u00e7\u00e3o tamb\u00e9m entra na conta. \u201cO consumo excessivo de cafe\u00edna ou \u00e1lcool, assim como refei\u00e7\u00f5es pesadas \u00e0 noite, interfere diretamente na qualidade do sono e pode comprometer o descanso\u201d, afirma.<\/p>\n<p>Existe um sono ideal?<\/p>\n<p data-component-name=\"paragraph\" class=\"styles__ParagraphStyled-sc-6adecn-0 gsLklW  \">Em meio a tantas orienta\u00e7\u00f5es e alertas, n\u00e3o \u00e9 raro que o pr\u00f3prio ato de dormir vire mais uma fonte de press\u00e3o. \u201cA ideia de um sono ideal a ser alcan\u00e7ado pode causar mais ansiedade do que ajudar\u201d, alerta Laura. Para ela, o melhor par\u00e2metro \u00e9 a sensa\u00e7\u00e3o de bem-estar ap\u00f3s noites consecutivas de sono regular. \u201cIsso varia de pessoa para pessoa. Tem gente que dorme seis horas e fica bem; outras precisam de mais.\u201d<\/p>\n<p data-component-name=\"paragraph\" class=\"styles__ParagraphStyled-sc-6adecn-0 gsLklW  \">Huebra concorda que n\u00e3o se trata apenas de quantidade. \u201cO dormir deve ser natural e sem esfor\u00e7o, preferencialmente sem indutores do sono e, quando poss\u00edvel, sem despertador para acordar.\u201d Segundo ele, o sono precisa ser cont\u00ednuo, profundo e alinhado ao rel\u00f3gio biol\u00f3gico. \u201cUm bom term\u00f4metro \u00e9 acordar se sentindo restaurado, com aten\u00e7\u00e3o, disposi\u00e7\u00e3o e energia ao longo do dia.\u201d<\/p>\n<p>O psiquiatra Ant\u00f4nio Geraldo, presidente da Associa\u00e7\u00e3o Brasileira de Psiquiatria (ABP), destaca ainda a import\u00e2ncia da regularidade. \u201cCriar hor\u00e1rios consistentes para dormir e acordar \u00e9 uma das estrat\u00e9gias mais eficazes para proteger a sa\u00fade mental e f\u00edsica\u201d, afirma. <\/p>\n<p>Segundo ele, essa pr\u00e1tica reduz o risco de <a href=\"https:\/\/www.estadao.com.br\/tudo-sobre\/depressao\/\" target=\"_blank\" rel=\"nofollow noopener\" title=\"https:\/\/www.estadao.com.br\/tudo-sobre\/depressao\/\">depress\u00e3o<\/a>, ansiedade e doen\u00e7as cardiovasculares e metab\u00f3licas, al\u00e9m de melhorar a mem\u00f3ria, o humor e a imunidade. \u201c\u00c9 uma mudan\u00e7a simples, gratuita e profundamente transformadora. Quando o sono entra no eixo, o corpo inteiro volta a funcionar a favor da vida.\u201d<\/p>\n<p>Descansar n\u00e3o \u00e9 s\u00f3 dormir<\/p>\n<p>Mas o descanso necess\u00e1rio para atravessar a exaust\u00e3o contempor\u00e2nea n\u00e3o se resolve apenas \u00e0 noite. Mesmo quem dorme bem precisa de pausas ao longo do dia. O c\u00e9rebro funciona melhor quando tem oportunidades de descanso, explicam os especialistas. <\/p>\n<p>Para Huebra, momentos de \u00f3cio e per\u00edodos sem est\u00edmulo s\u00e3o essenciais para manter a criatividade, reduzir o estresse e reorganizar informa\u00e7\u00f5es. \u201cQuando esses intervalos n\u00e3o existem, o c\u00e9rebro permanece em estado de alerta e come\u00e7a a mostrar sinais de fadiga, como queda de aten\u00e7\u00e3o, dificuldade de racioc\u00ednio, irritabilidade e perda de prazer.\u201d A longo prazo, esse cen\u00e1rio pode levar a quadros mais graves, como o burnout.<\/p>\n<p>Como descansar sem cobran\u00e7a<\/p>\n<p>Incorporar o descanso de forma realista exige mudan\u00e7a de mentalidade. Para Gomes, o primeiro passo \u00e9 deixar de encar\u00e1-lo como tarefa ou obriga\u00e7\u00e3o. \u201cO descanso precisa ser visto como parte integrante da vida, n\u00e3o como algo a ser riscado da lista\u201d, diz. <\/p>\n<p data-component-name=\"paragraph\" class=\"styles__ParagraphStyled-sc-6adecn-0 gsLklW  \">Definir momentos de \u201cn\u00e3o fazer nada\u201d, praticar mindfulness e estabelecer limites claros para trabalho e uso de redes sociais \u00e0 noite s\u00e3o estrat\u00e9gias simples, mas eficazes. E lembre-se que descansar n\u00e3o \u00e9 improdutivo, \u00e9 condi\u00e7\u00e3o b\u00e1sica para continuar funcionando.<\/p>\n","protected":false},"excerpt":{"rendered":"A sensa\u00e7\u00e3o de cansa\u00e7o constante deixou de ser um problema individual para se tornar quase um estado coletivo.&hellip;\n","protected":false},"author":2,"featured_media":211946,"comment_status":"","ping_status":"","sticky":false,"template":"","format":"standard","meta":{"footnotes":""},"categories":[86],"tags":[12085,7759,1772,36371,176,178,36374,179,7762,26980,12596,31688,116,183,184,41503,185,186,19506,1107,1108,189,26985,1113,32,33,7776,17930,193,31690,14312,18552,117,14315,41504,39317,41505,22425,198],"class_list":{"0":"post-211945","1":"post","2":"type-post","3":"status-publish","4":"format-standard","5":"has-post-thumbnail","7":"category-saude","8":"tag-adult","9":"tag-back","10":"tag-background","11":"tag-calm","12":"tag-casual","13":"tag-comfort","14":"tag-comfortable","15":"tag-cozy","16":"tag-enjoy","17":"tag-enjoying","18":"tag-handsome","19":"tag-harmony","20":"tag-health","21":"tag-home","22":"tag-indoors","23":"tag-lazy","24":"tag-leisure","25":"tag-lifestyle","26":"tag-lying","27":"tag-male","28":"tag-man","29":"tag-peace","30":"tag-peaceful","31":"tag-person","32":"tag-portugal","33":"tag-pt","34":"tag-relax","35":"tag-relaxation","36":"tag-relaxing","37":"tag-rest","38":"tag-resting","39":"tag-room","40":"tag-saude","41":"tag-sitting","42":"tag-sofa","43":"tag-style","44":"tag-tranquil","45":"tag-vacation","46":"tag-weekend"},"share_on_mastodon":{"url":"","error":""},"_links":{"self":[{"href":"https:\/\/www.europesays.com\/pt\/wp-json\/wp\/v2\/posts\/211945","targetHints":{"allow":["GET"]}}],"collection":[{"href":"https:\/\/www.europesays.com\/pt\/wp-json\/wp\/v2\/posts"}],"about":[{"href":"https:\/\/www.europesays.com\/pt\/wp-json\/wp\/v2\/types\/post"}],"author":[{"embeddable":true,"href":"https:\/\/www.europesays.com\/pt\/wp-json\/wp\/v2\/users\/2"}],"replies":[{"embeddable":true,"href":"https:\/\/www.europesays.com\/pt\/wp-json\/wp\/v2\/comments?post=211945"}],"version-history":[{"count":0,"href":"https:\/\/www.europesays.com\/pt\/wp-json\/wp\/v2\/posts\/211945\/revisions"}],"wp:featuredmedia":[{"embeddable":true,"href":"https:\/\/www.europesays.com\/pt\/wp-json\/wp\/v2\/media\/211946"}],"wp:attachment":[{"href":"https:\/\/www.europesays.com\/pt\/wp-json\/wp\/v2\/media?parent=211945"}],"wp:term":[{"taxonomy":"category","embeddable":true,"href":"https:\/\/www.europesays.com\/pt\/wp-json\/wp\/v2\/categories?post=211945"},{"taxonomy":"post_tag","embeddable":true,"href":"https:\/\/www.europesays.com\/pt\/wp-json\/wp\/v2\/tags?post=211945"}],"curies":[{"name":"wp","href":"https:\/\/api.w.org\/{rel}","templated":true}]}}