{"id":211949,"date":"2026-01-02T13:35:12","date_gmt":"2026-01-02T13:35:12","guid":{"rendered":"https:\/\/www.europesays.com\/pt\/211949\/"},"modified":"2026-01-02T13:35:12","modified_gmt":"2026-01-02T13:35:12","slug":"actor-de-deus-ex-chama-psicopatas-aos-proprietarios-da-franquia","status":"publish","type":"post","link":"https:\/\/www.europesays.com\/pt\/211949\/","title":{"rendered":"Actor de Deus Ex chama &#8220;psicopatas&#8221; aos propriet\u00e1rios da franquia"},"content":{"rendered":"<p>Elias Toufexis, o actor que deu vida e voz ao ic\u00f3nico <strong>Adam Jensen<\/strong> nos jogos mais recentes da saga Deus Ex, deixou cr\u00edticas aos atuais propriet\u00e1rios da franquia, culpando-os pelo facto da franquia estar parada h\u00e1 quase uma dezena de anos.<\/p>\n<p><a href=\"http:\/\/x.com\/EliasToufexis\/status\/2006498544270856318\" rel=\"noopener nofollow\" target=\"_blank\">No X\/Twitter, o actor partilhou o seu calend\u00e1rio de trabalho para 2026.<\/a> Entre os projetos listados, Toufexis confirmou a sua participa\u00e7\u00e3o em Marathon, o pr\u00f3ximo shooter da Bungie, al\u00e9m de tr\u00eas outros projetos ainda n\u00e3o anunciados. Como seria de esperar, a men\u00e7\u00e3o a &#8220;projetos misteriosos&#8221; levou os f\u00e3s a especular imediatamente se um deles seria o t\u00e3o aguardado regresso de Deus Ex, mas Toufexis foi r\u00e1pido e n\u00e3o deixou margens para d\u00favida:<\/p>\n<p>&#8220;&#8230;n\u00e3o h\u00e1 Deus Ex porque as pessoas no comando s\u00e3o uns psicopatas&#8221;, escreveu o actor.<\/p>\n<p>A frustra\u00e7\u00e3o do actor espelha a da comunidade. J\u00e1 passou quase uma d\u00e9cada desde o lan\u00e7amento de Deus Ex: Mankind Divided em 2016. Desenvolvido pelo Eidos Montreal, o jogo foi bem recebido pela cr\u00edtica e pelos jogadores no PC, PlayStation 4 e Xbox One. Contudo, em vez de capitalizar esse sucesso com uma sequela direta, o est\u00fadio foi redirecionado para outros projetos.<\/p>\n<p>Nos anos seguintes, o Eidos Montreal focou os seus esfor\u00e7os no malfadado live-service Marvel&#8217;s Avengers e no aclamado, mas comercialmente modesto, Guardians of the Galaxy, servindo ainda como est\u00fadio de apoio para a saga Tomb Raider. Com estas prioridades impostas pela ent\u00e3o propriet\u00e1ria Square Enix, Deus Ex acabou por ficar na gaveta.<\/p>\n<p>A esperan\u00e7a reacendeu-se quando a Embracer Group adquiriu a Eidos Montreal e os direitos de Deus Ex \u00e0 Square Enix. De facto, existiram relatos de que um novo jogo da s\u00e9rie esteve em desenvolvimento durante cerca de dois anos. Infelizmente, esse projeto foi cancelado no in\u00edcio de 2024, no meio de uma reestrutura\u00e7\u00e3o massiva da Embracer que resultou em despedimentos generalizados.<\/p>\n<p>Na altura do cancelamento, Toufexis j\u00e1 tinha expressado o seu descontentamento, salientando que, muito provavelmente, a hist\u00f3ria de Adam Jensen tinha chegado ao fim.<\/p>\n<p>&#8220;Ao que parece, serei sempre associado a ele [Jensen] e isso n\u00e3o me incomoda nada&#8221;, <a href=\"http:\/\/www.reddit.com\/r\/Deusex\/s\/oIdy7dsQWv\" rel=\"noopener nofollow\" target=\"_blank\">escreveu o actor no Reddit ap\u00f3s as not\u00edcias do cancelamento.<\/a> &#8220;Infelizmente, a hist\u00f3ria dele parece estar terminada. Tenho quase a certeza de que o jogo cancelado n\u00e3o era uma hist\u00f3ria do Adam Jensen, por isso o cancelamento irrita-me mais pelos amigos na Eidos que perderam o emprego.&#8221;<\/p>\n<p>Apesar do cen\u00e1rio sombrio, existem rumores t\u00e9nues de vida. H\u00e1 um ano, o <a href=\"http:\/\/insider-gaming.com\/exclusive-new-deus-ex-game-pitched-by-eidos-montreal\/\" rel=\"noopener nofollow\" target=\"_blank\">Insider Gaming <\/a>reportou que o Eidos Montreal estaria novamente a apresentar ideias para um novo t\u00edtulo Deus Ex, embora n\u00e3o haja garantias de que tal tenha avan\u00e7ado para produ\u00e7\u00e3o.<\/p>\n<p>Para j\u00e1, o \u00fanico conte\u00fado confirmado no horizonte \u00e9 Deus Ex Remastered da Aspyr, uma vers\u00e3o polida do original. No entanto, at\u00e9 esse projeto enfrenta problemas: <a href=\"https:\/\/pt.ign.com\/deus-ex-remastered\/150777\/news\/deus-ex-remastered-anunciado-com-lancamento-em-fevereiro-de-2026\" rel=\"nofollow noopener\" target=\"_blank\">previsto inicialmente para fevereiro de 2026<\/a>, <strong>o lan\u00e7amento foi adiado indefinidamente<\/strong> ap\u00f3s os f\u00e3s levantarem preocupa\u00e7\u00f5es sobre a qualidade visual demonstrada, levando mesmo ao reembolso das pr\u00e9-reservas.<\/p>\n<p>Pedro Pestana \u00e9 viciado em gaming, caf\u00e9 e voleibol, sensivelmente nesta ordem. Podem encontrar alguns dos seus devaneios no <a href=\"https:\/\/www.threads.net\/@pmnpestana\" rel=\"noopener nofollow\" target=\"_blank\">Threads<\/a> ou <a href=\"https:\/\/bsky.app\/profile\/pmnpestana.bsky.social\" rel=\"noopener nofollow\" target=\"_blank\">Bluesky.<\/a><\/p>\n","protected":false},"excerpt":{"rendered":"Elias Toufexis, o actor que deu vida e voz ao ic\u00f3nico Adam Jensen nos jogos mais recentes da&hellip;\n","protected":false},"author":2,"featured_media":211950,"comment_status":"","ping_status":"","sticky":false,"template":"","format":"standard","meta":{"footnotes":""},"categories":[84],"tags":[109,107,108,32,33,105,103,104,106,110],"class_list":{"0":"post-211949","1":"post","2":"type-post","3":"status-publish","4":"format-standard","5":"has-post-thumbnail","7":"category-ciencia-e-tecnologia","8":"tag-ciencia","9":"tag-ciencia-e-tecnologia","10":"tag-cienciaetecnologia","11":"tag-portugal","12":"tag-pt","13":"tag-science","14":"tag-science-and-technology","15":"tag-scienceandtechnology","16":"tag-technology","17":"tag-tecnologia"},"share_on_mastodon":{"url":"https:\/\/pubeurope.com\/@pt\/115825772093205517","error":""},"_links":{"self":[{"href":"https:\/\/www.europesays.com\/pt\/wp-json\/wp\/v2\/posts\/211949","targetHints":{"allow":["GET"]}}],"collection":[{"href":"https:\/\/www.europesays.com\/pt\/wp-json\/wp\/v2\/posts"}],"about":[{"href":"https:\/\/www.europesays.com\/pt\/wp-json\/wp\/v2\/types\/post"}],"author":[{"embeddable":true,"href":"https:\/\/www.europesays.com\/pt\/wp-json\/wp\/v2\/users\/2"}],"replies":[{"embeddable":true,"href":"https:\/\/www.europesays.com\/pt\/wp-json\/wp\/v2\/comments?post=211949"}],"version-history":[{"count":0,"href":"https:\/\/www.europesays.com\/pt\/wp-json\/wp\/v2\/posts\/211949\/revisions"}],"wp:featuredmedia":[{"embeddable":true,"href":"https:\/\/www.europesays.com\/pt\/wp-json\/wp\/v2\/media\/211950"}],"wp:attachment":[{"href":"https:\/\/www.europesays.com\/pt\/wp-json\/wp\/v2\/media?parent=211949"}],"wp:term":[{"taxonomy":"category","embeddable":true,"href":"https:\/\/www.europesays.com\/pt\/wp-json\/wp\/v2\/categories?post=211949"},{"taxonomy":"post_tag","embeddable":true,"href":"https:\/\/www.europesays.com\/pt\/wp-json\/wp\/v2\/tags?post=211949"}],"curies":[{"name":"wp","href":"https:\/\/api.w.org\/{rel}","templated":true}]}}