{"id":211951,"date":"2026-01-02T13:36:24","date_gmt":"2026-01-02T13:36:24","guid":{"rendered":"https:\/\/www.europesays.com\/pt\/211951\/"},"modified":"2026-01-02T13:36:24","modified_gmt":"2026-01-02T13:36:24","slug":"as-expectativas-e-os-desafios-de-lideres-da-economia-portuguesa-para-2026-economia","status":"publish","type":"post","link":"https:\/\/www.europesays.com\/pt\/211951\/","title":{"rendered":"As expectativas e os desafios de l\u00edderes da economia portuguesa para 2026 &#8211; Economia"},"content":{"rendered":"<p>                                            &#13;<br \/>\n                                                <img decoding=\"async\" class=\"img-fluid\" src=\"https:\/\/www.europesays.com\/pt\/wp-content\/uploads\/2026\/01\/img_715x445uu2025-12-31-15-03-00-515441.jpg\" alt=\"Clara Raposo\"\/>&#13;<\/p>\n<p><strong>Vice-Governadora do Banco de Portugal<\/strong><\/p>\n<p>Sem desfecho \u00e0 vista para as tens\u00f5es geopol\u00edticas e comerciais, persistem na Europa os desafios de seguran\u00e7a, ciberseguran\u00e7a, inova\u00e7\u00e3o e IA, competitividade e altera\u00e7\u00f5es clim\u00e1ticas. Espera-se que o setor financeiro em Portugal se mantenha resiliente, contribuindo com estabilidade para o funcionamento da economia, e que a infla\u00e7\u00e3o continue ancorada nos 2%. O novo ano \u00e9 crucial para a materializa\u00e7\u00e3o dos investimentos do PRR, que chegam ao fim em 2026, pelo que dever\u00e3o acelerar. Para a confian\u00e7a de consumidores e investidores \u00e9 importante que a Europa consiga passar dos diagn\u00f3sticos \u00e0 a\u00e7\u00e3o e avance na implementa\u00e7\u00e3o de uma estrat\u00e9gia com efeito de escala. 2026 \u00e9 o ano do teste: ser\u00e1 que a agulha da b\u00fassola da competitividade, de facto, mexe?\u00a0<\/p>\n","protected":false},"excerpt":{"rendered":"&#13; &#13; Vice-Governadora do Banco de Portugal Sem desfecho \u00e0 vista para as tens\u00f5es geopol\u00edticas e comerciais, persistem&hellip;\n","protected":false},"author":2,"featured_media":211952,"comment_status":"","ping_status":"","sticky":false,"template":"","format":"standard","meta":{"footnotes":""},"categories":[83],"tags":[88,476,1340,40633,89,90,32,33],"class_list":{"0":"post-211951","1":"post","2":"type-post","3":"status-publish","4":"format-standard","5":"has-post-thumbnail","7":"category-empresas","8":"tag-business","9":"tag-economia","10":"tag-economia-geral","11":"tag-economia-negocios-e-financas","12":"tag-economy","13":"tag-empresas","14":"tag-portugal","15":"tag-pt"},"share_on_mastodon":{"url":"https:\/\/pubeurope.com\/@pt\/115825776051108126","error":""},"_links":{"self":[{"href":"https:\/\/www.europesays.com\/pt\/wp-json\/wp\/v2\/posts\/211951","targetHints":{"allow":["GET"]}}],"collection":[{"href":"https:\/\/www.europesays.com\/pt\/wp-json\/wp\/v2\/posts"}],"about":[{"href":"https:\/\/www.europesays.com\/pt\/wp-json\/wp\/v2\/types\/post"}],"author":[{"embeddable":true,"href":"https:\/\/www.europesays.com\/pt\/wp-json\/wp\/v2\/users\/2"}],"replies":[{"embeddable":true,"href":"https:\/\/www.europesays.com\/pt\/wp-json\/wp\/v2\/comments?post=211951"}],"version-history":[{"count":0,"href":"https:\/\/www.europesays.com\/pt\/wp-json\/wp\/v2\/posts\/211951\/revisions"}],"wp:featuredmedia":[{"embeddable":true,"href":"https:\/\/www.europesays.com\/pt\/wp-json\/wp\/v2\/media\/211952"}],"wp:attachment":[{"href":"https:\/\/www.europesays.com\/pt\/wp-json\/wp\/v2\/media?parent=211951"}],"wp:term":[{"taxonomy":"category","embeddable":true,"href":"https:\/\/www.europesays.com\/pt\/wp-json\/wp\/v2\/categories?post=211951"},{"taxonomy":"post_tag","embeddable":true,"href":"https:\/\/www.europesays.com\/pt\/wp-json\/wp\/v2\/tags?post=211951"}],"curies":[{"name":"wp","href":"https:\/\/api.w.org\/{rel}","templated":true}]}}