{"id":211953,"date":"2026-01-02T13:37:07","date_gmt":"2026-01-02T13:37:07","guid":{"rendered":"https:\/\/www.europesays.com\/pt\/211953\/"},"modified":"2026-01-02T13:37:07","modified_gmt":"2026-01-02T13:37:07","slug":"eua-vao-intervir-se-o-irao-matar-manifestantes-diz-trump-mundo","status":"publish","type":"post","link":"https:\/\/www.europesays.com\/pt\/211953\/","title":{"rendered":"EUA v\u00e3o intervir se o Ir\u00e3o matar manifestantes, diz Trump &#8211; Mundo"},"content":{"rendered":"<p class=\"\">&#13;<br \/>\n        O Presidente dos Estados Unidos (EUA), Donald Trump, afirmou esta sexta-feira, 2 de janeiro, que <b>o pa\u00eds vai intervir se o Ir\u00e3o entrar a matar contra manifestantes em protestos pac\u00edficos<\/b>.\u00a0&#13;\n    <\/p>\n<p class=\"\">&#13;<br \/>\n        A instabilidade tem vindo a aumentar no Ir\u00e3o desde a semana passada, depois de terem eclodido protestos devido \u00e0 forma como o governo de Teer\u00e3o lidou com uma forte queda da moeda nacional e uma escalada dos pre\u00e7os. A infla\u00e7\u00e3o anual atingiu 42,2% em dezembro, com os pre\u00e7os dos alimentos a aumentarem 72%. &#13;\n    <\/p>\n<p class=\"\">&#13;<br \/>\n        As manifesta\u00e7\u00f5es tornaram-se protestos violentos esta semana, tendo os meios de comunica\u00e7\u00e3o locais noticiado a morte de pelo menos seis civis.&#13;\n    <\/p>\n<p class=\"\">&#13;<br \/>\n        \u201c<b>Se o Ir\u00e3o disparar e matar violentamente manifestantes pac\u00edficos, como \u00e9 seu costume, os EUA ir\u00e3o em seu aux\u00edlio<\/b>\u201d, escreveu Trump numa publica\u00e7\u00e3o na rede social Truth Social, nesta sexta-feira, dia 2 de janeiro.\u00a0\u201cEstamos armados e prontos para agir\u201d, acrescentou, citado pela CNBC.&#13;\n    <\/p>\n<p class=\"\">&#13;<br \/>\n        O conselheiro do l\u00edder supremo do Ir\u00e3o, Ali Larijani, respondeu afirmando que <b>a interfer\u00eancia dos EUA nos protestos no Ir\u00e3o equivaleria a provocar o caos em toda a regi\u00e3o<\/b>, em declara\u00e7\u00f5es citadas pela Reuters na sexta-feira.&#13;\n    <\/p>\n<p class=\"\">&#13;<br \/>\n        A economia iraniana tem enfrentado dificuldades desde que Trump retirou os Estados Unidos do acordo nuclear com o Ir\u00e3o, em 2018, e voltou a impor san\u00e7\u00f5es ao pa\u00eds. No ano passado, em junho, <a href=\"https:\/\/www.jornaldenegocios.pt\/mercados\/bolsa\/detalhe\/maior-envolvimento-dos-eua-na-guerra-irao-israel-atira-wall-street-para-o-vermelho\" target=\"_self\" rel=\"tag nofollow noopener\">ataques norte-americanos a instala\u00e7\u00f5es nucleares iranianas<\/a> agravaram as tens\u00f5es, envolvendo Washington na guerra de Israel contra o seu rival regional de longa data.&#13;\n    <\/p>\n","protected":false},"excerpt":{"rendered":"&#13; O Presidente dos Estados Unidos (EUA), Donald Trump, afirmou esta sexta-feira, 2 de janeiro, que o pa\u00eds&hellip;\n","protected":false},"author":2,"featured_media":211954,"comment_status":"","ping_status":"","sticky":false,"template":"","format":"standard","meta":{"footnotes":""},"categories":[50],"tags":[27,28,15,16,14,25,26,21,22,62,12,13,19,20,23,24,17,18,29,30,31,63,64,65],"class_list":{"0":"post-211953","1":"post","2":"type-post","3":"status-publish","4":"format-standard","5":"has-post-thumbnail","7":"category-mundo","8":"tag-breaking-news","9":"tag-breakingnews","10":"tag-featured-news","11":"tag-featurednews","12":"tag-headlines","13":"tag-latest-news","14":"tag-latestnews","15":"tag-main-news","16":"tag-mainnews","17":"tag-mundo","18":"tag-news","19":"tag-noticias","20":"tag-noticias-principais","21":"tag-noticiasprincipais","22":"tag-principais-noticias","23":"tag-principaisnoticias","24":"tag-top-stories","25":"tag-topstories","26":"tag-ultimas","27":"tag-ultimas-noticias","28":"tag-ultimasnoticias","29":"tag-world","30":"tag-world-news","31":"tag-worldnews"},"share_on_mastodon":{"url":"https:\/\/pubeurope.com\/@pt\/115825780005938558","error":""},"_links":{"self":[{"href":"https:\/\/www.europesays.com\/pt\/wp-json\/wp\/v2\/posts\/211953","targetHints":{"allow":["GET"]}}],"collection":[{"href":"https:\/\/www.europesays.com\/pt\/wp-json\/wp\/v2\/posts"}],"about":[{"href":"https:\/\/www.europesays.com\/pt\/wp-json\/wp\/v2\/types\/post"}],"author":[{"embeddable":true,"href":"https:\/\/www.europesays.com\/pt\/wp-json\/wp\/v2\/users\/2"}],"replies":[{"embeddable":true,"href":"https:\/\/www.europesays.com\/pt\/wp-json\/wp\/v2\/comments?post=211953"}],"version-history":[{"count":0,"href":"https:\/\/www.europesays.com\/pt\/wp-json\/wp\/v2\/posts\/211953\/revisions"}],"wp:featuredmedia":[{"embeddable":true,"href":"https:\/\/www.europesays.com\/pt\/wp-json\/wp\/v2\/media\/211954"}],"wp:attachment":[{"href":"https:\/\/www.europesays.com\/pt\/wp-json\/wp\/v2\/media?parent=211953"}],"wp:term":[{"taxonomy":"category","embeddable":true,"href":"https:\/\/www.europesays.com\/pt\/wp-json\/wp\/v2\/categories?post=211953"},{"taxonomy":"post_tag","embeddable":true,"href":"https:\/\/www.europesays.com\/pt\/wp-json\/wp\/v2\/tags?post=211953"}],"curies":[{"name":"wp","href":"https:\/\/api.w.org\/{rel}","templated":true}]}}