{"id":211955,"date":"2026-01-02T13:38:29","date_gmt":"2026-01-02T13:38:29","guid":{"rendered":"https:\/\/www.europesays.com\/pt\/211955\/"},"modified":"2026-01-02T13:38:29","modified_gmt":"2026-01-02T13:38:29","slug":"sucessao-a-dificil-travessia-das-empresas-familiares","status":"publish","type":"post","link":"https:\/\/www.europesays.com\/pt\/211955\/","title":{"rendered":"Sucess\u00e3o: a dif\u00edcil travessia das empresas familiares"},"content":{"rendered":"<p class=\"texto\">As empresas familiares s\u00e3o um pilar da economia nacional. Em 2024, representavam entre 70% e 80% das empresas a operar em Portugal, empregavam cerca de metade da popula\u00e7\u00e3o ativa e respondiam por cerca de 65% do PIB, segundo dados de um estudo da consultora KPMG, que serve de refer\u00eancia \u00e0 Associa\u00e7\u00e3o de Empresas Familiares. Est\u00e3o presentes em todos os sectores de atividade \u2014 da ind\u00fastria \u00e0 agricultura, da constru\u00e7\u00e3o aos servi\u00e7os \u2014 e muitas cresceram ancoradas numa forte identidade, vis\u00e3o de longo prazo e uma liga\u00e7\u00e3o profunda aos territ\u00f3rios onde nasceram. Mas por tr\u00e1s deste potencial econ\u00f3mico esconde-se uma fragilidade estrutural: a sucess\u00e3o.<\/p>\n<p><a href=\"https:\/\/expresso.pt\/subscrever?action=GEN&amp;channel=BAF&amp;type=CAP&amp;source=WEB&amp;returnUrl=https:\/\/expresso.pt\/semanario\/economia\/o-ceo-e-o-limite\/2026-01-01-sucessao-a-dificil-travessia-das-empresas-familiares-37df49b7&amp;utm_source=expresso&amp;utm_medium=locked_article&amp;locked=true&amp;article_id=7e8da4bf-83dd-4676-b76e-0e9945214a38&amp;author_id=C\u00e1tia+Mateus,Margarida+Cardoso&amp;category=O+CEO+\u00e9+o+limite\" target=\"_self\" class=\"\" rel=\"nofollow noopener\">Subscrever<\/a>J\u00e1 \u00e9 Subscritor?Fa\u00e7a login e continue a ler<a href=\"http:\/\/expresso.pt\/codigo?redirectUrl=https:\/\/expresso.pt\/semanario\/economia\/o-ceo-e-o-limite\/2026-01-01-sucessao-a-dificil-travessia-das-empresas-familiares-37df49b7\" target=\"_self\" class=\"\" rel=\"nofollow noopener\">Inserir C\u00f3digo<\/a>Comprou o Expresso?Insira o c\u00f3digo presente na Revista E para continuar a ler<\/p>\n","protected":false},"excerpt":{"rendered":"As empresas familiares s\u00e3o um pilar da economia nacional. Em 2024, representavam entre 70% e 80% das empresas&hellip;\n","protected":false},"author":2,"featured_media":211956,"comment_status":"","ping_status":"","sticky":false,"template":"","format":"standard","meta":{"footnotes":""},"categories":[10],"tags":[27,28,15,16,14,25,26,21,22,12,13,19,20,32,23,24,33,17,18,29,30,31],"class_list":{"0":"post-211955","1":"post","2":"type-post","3":"status-publish","4":"format-standard","5":"has-post-thumbnail","7":"category-portugal","8":"tag-breaking-news","9":"tag-breakingnews","10":"tag-featured-news","11":"tag-featurednews","12":"tag-headlines","13":"tag-latest-news","14":"tag-latestnews","15":"tag-main-news","16":"tag-mainnews","17":"tag-news","18":"tag-noticias","19":"tag-noticias-principais","20":"tag-noticiasprincipais","21":"tag-portugal","22":"tag-principais-noticias","23":"tag-principaisnoticias","24":"tag-pt","25":"tag-top-stories","26":"tag-topstories","27":"tag-ultimas","28":"tag-ultimas-noticias","29":"tag-ultimasnoticias"},"share_on_mastodon":{"url":"https:\/\/pubeurope.com\/@pt\/115825783840426030","error":""},"_links":{"self":[{"href":"https:\/\/www.europesays.com\/pt\/wp-json\/wp\/v2\/posts\/211955","targetHints":{"allow":["GET"]}}],"collection":[{"href":"https:\/\/www.europesays.com\/pt\/wp-json\/wp\/v2\/posts"}],"about":[{"href":"https:\/\/www.europesays.com\/pt\/wp-json\/wp\/v2\/types\/post"}],"author":[{"embeddable":true,"href":"https:\/\/www.europesays.com\/pt\/wp-json\/wp\/v2\/users\/2"}],"replies":[{"embeddable":true,"href":"https:\/\/www.europesays.com\/pt\/wp-json\/wp\/v2\/comments?post=211955"}],"version-history":[{"count":0,"href":"https:\/\/www.europesays.com\/pt\/wp-json\/wp\/v2\/posts\/211955\/revisions"}],"wp:featuredmedia":[{"embeddable":true,"href":"https:\/\/www.europesays.com\/pt\/wp-json\/wp\/v2\/media\/211956"}],"wp:attachment":[{"href":"https:\/\/www.europesays.com\/pt\/wp-json\/wp\/v2\/media?parent=211955"}],"wp:term":[{"taxonomy":"category","embeddable":true,"href":"https:\/\/www.europesays.com\/pt\/wp-json\/wp\/v2\/categories?post=211955"},{"taxonomy":"post_tag","embeddable":true,"href":"https:\/\/www.europesays.com\/pt\/wp-json\/wp\/v2\/tags?post=211955"}],"curies":[{"name":"wp","href":"https:\/\/api.w.org\/{rel}","templated":true}]}}