{"id":211957,"date":"2026-01-02T13:39:08","date_gmt":"2026-01-02T13:39:08","guid":{"rendered":"https:\/\/www.europesays.com\/pt\/211957\/"},"modified":"2026-01-02T13:39:08","modified_gmt":"2026-01-02T13:39:08","slug":"presidenciais-justica-domina-e-beneficia-ventura-marques-mendes-esta-preso-ao-governo-diario-de-noticias","status":"publish","type":"post","link":"https:\/\/www.europesays.com\/pt\/211957\/","title":{"rendered":"Presidenciais. Justi\u00e7a domina e beneficia Ventura, Marques Mendes est\u00e1 \u2018preso\u2019 ao Governo &#8211; Di\u00e1rio de Not\u00edcias"},"content":{"rendered":"<ol>\n<li><a href=\"https:\/\/news.google.com\/rss\/articles\/CBMitgFBVV95cUxNcGFBT2NCak1tZXUzcVpBeC1DTUhsUTNOTy1wWjhwQ2EwVUswbEdDZFMtT1JLUXR4cWlGVnFEZldvWUJqeDlsTjdkOEdNMEJnOG4tNXQ1cGhFWXBaTXQ1TXZPWG5oQ1pvVDNxaV9RSUdfX192LVRLbU9jRWR0Y3lKSW1fQXRBNXMxRVFSQzhlX1pzVWRXaFNNNU9Ma0ZGQnVaZnhhUlg2YzdEZmRmQ0pWMWhxeVl0UQ?oc=5\" target=\"_blank\" rel=\"nofollow noopener\">Presidenciais. Justi\u00e7a domina e beneficia Ventura, Marques Mendes est\u00e1 \u2018preso\u2019 ao Governo<\/a>&nbsp;&nbsp;Di\u00e1rio de Not\u00edcias<\/li>\n<li><a href=\"https:\/\/news.google.com\/rss\/articles\/CBMilAFBVV95cUxNVm5DTFVWaFNySU1nTlpOOTY4UzhyZFNnWGNwWHBud3I4WTV3VXJrQ3UzVTVETkUzSXBrV0s0aTVUaHg2NVZUZElfSnkzLS0xbVFXNWU4ekl1NF9JNFBKLTgxQVY4bnpzMC1nS2xzYkRJQU9RRmpQUXdHQjJoeFFYVUQ5Q2IwcDIxTlR6bjVFeVFHZ2tT?oc=5\" target=\"_blank\" rel=\"nofollow noopener\">Campanha arranca no domingo com recorde de 11 candidatos<\/a>&nbsp;&nbsp;Observador<\/li>\n<li><a href=\"https:\/\/news.google.com\/rss\/articles\/CBMifEFVX3lxTE9QR3hBSVpSVFFqRDFYdHdlTjVFblZBTDVLckFBUXNTTkxVZUFDME04VlQ1dXlMQjJRLUlQZjZnS3FpcXQ4c3hTYm1acDRYS1NZQkRwVTMzdU1FcEkwdTBiRmRQdS1sb2tSaHF4emlJY0VIRll2b2E4b29GSVfSAYIBQVVfeXFMTm9zVUVCdzhIY3ByWTB2ODBBMm50Qi1sRzlWeWY3ZkpxcFZ1aEt2V0lGcUM3QTVsRFJ6ZkFCRVRuZEtIZnNnM0RwMmdmMTZEa2FkSGF1SFJDRnIxMzhoMm1uc0F5VHFXNkFVel9KSFBlVVpOd2hFc0JDRmhqZ1pVMW5YZw?oc=5\" target=\"_blank\" rel=\"nofollow noopener\">Da ang\u00fastia do voto \u00fatil<\/a>&nbsp;&nbsp;Expresso<\/li>\n<li><a href=\"https:\/\/news.google.com\/rss\/articles\/CBMikgFBVV95cUxQTjdEVlNkalFzOE9sNjczbVRGTWF1b2NqcFpJRTJjWDRyX2tvZTh1emRoWlIzSzR4cV93RmhaMHVIeWlYUEI3Wkl6a1B0QUlmcFY4VWg3RlpfZlJqM2FYSTdTSzVPQUVCZDZhSzV2WU54RkZkbmhnRE1sVXNIbll3ZEJVOE5YV2VmdmF0YVdhcnBoUQ?oc=5\" target=\"_blank\" rel=\"nofollow noopener\">As elei\u00e7\u00f5es de 18 de janeiro em 14 n\u00fameros<\/a>&nbsp;&nbsp;RTP<\/li>\n<li><a href=\"https:\/\/news.google.com\/rss\/articles\/CBMitAFBVV95cUxQTWl6d2lsTWpWeFVIN3lyZmFvUEQ4QktqTUVCU0lSZW5TNjB1VnFxeFFTSlFUMkNoRG0wTUhLeGVsMl9yNDFEMHc1SG96TUhkdHdfb3ZGRUFJSGhRcllqdGxzUlZxcnFpUkpMZ1VfeHpQVUR1b3dPZkswMFlXQ1VmNjJjc0tQaGZfdkVqb05ZS0NYWG1XYVFrYmllTkVCTG92S3daLUJKWF9lMWE1TzlNc1dDN1g?oc=5\" target=\"_blank\" rel=\"nofollow noopener\">Marques Mendes: Foi quase tudo no PSD e quer agora ser Presidente<\/a>&nbsp;&nbsp;Not\u00edcias ao Minuto<\/li>\n<\/ol>\n","protected":false},"excerpt":{"rendered":"Presidenciais. Justi\u00e7a domina e beneficia Ventura, Marques Mendes est\u00e1 \u2018preso\u2019 ao Governo&nbsp;&nbsp;Di\u00e1rio de Not\u00edcias Campanha arranca no domingo&hellip;\n","protected":false},"author":2,"featured_media":211958,"comment_status":"","ping_status":"","sticky":false,"template":"","format":"standard","meta":{"footnotes":""},"categories":[8],"tags":[41508,3386,17462,3399,27,28,21811,30646,306,37215,15,16,9498,301,14,28245,603,25,26,21,22,41507,24788,12,13,19,20,41506,32,23,24,33,17,18,29,30,31],"class_list":{"0":"post-211957","1":"post","2":"type-post","3":"status-publish","4":"format-standard","5":"has-post-thumbnail","7":"category-principais-noticias","8":"tag-andre-azevedo-alves","9":"tag-andre-ventura","10":"tag-antonio-filipe","11":"tag-antonio-jose-seguro","12":"tag-breaking-news","13":"tag-breakingnews","14":"tag-catarina-martins","15":"tag-cotrim-de-figueiredo","16":"tag-edicao-impressa","17":"tag-eleicoes-presidenciais-2026","18":"tag-featured-news","19":"tag-featurednews","20":"tag-gouveia-e-melo","21":"tag-governo","22":"tag-headlines","23":"tag-jorge-pinto","24":"tag-justica","25":"tag-latest-news","26":"tag-latestnews","27":"tag-main-news","28":"tag-mainnews","29":"tag-marina-costa-lobo","30":"tag-marques-mendes","31":"tag-news","32":"tag-noticias","33":"tag-noticias-principais","34":"tag-noticiasprincipais","35":"tag-politologos","36":"tag-portugal","37":"tag-principais-noticias","38":"tag-principaisnoticias","39":"tag-pt","40":"tag-top-stories","41":"tag-topstories","42":"tag-ultimas","43":"tag-ultimas-noticias","44":"tag-ultimasnoticias"},"share_on_mastodon":{"url":"","error":"Validation failed: Text character limit of 500 exceeded"},"_links":{"self":[{"href":"https:\/\/www.europesays.com\/pt\/wp-json\/wp\/v2\/posts\/211957","targetHints":{"allow":["GET"]}}],"collection":[{"href":"https:\/\/www.europesays.com\/pt\/wp-json\/wp\/v2\/posts"}],"about":[{"href":"https:\/\/www.europesays.com\/pt\/wp-json\/wp\/v2\/types\/post"}],"author":[{"embeddable":true,"href":"https:\/\/www.europesays.com\/pt\/wp-json\/wp\/v2\/users\/2"}],"replies":[{"embeddable":true,"href":"https:\/\/www.europesays.com\/pt\/wp-json\/wp\/v2\/comments?post=211957"}],"version-history":[{"count":0,"href":"https:\/\/www.europesays.com\/pt\/wp-json\/wp\/v2\/posts\/211957\/revisions"}],"wp:featuredmedia":[{"embeddable":true,"href":"https:\/\/www.europesays.com\/pt\/wp-json\/wp\/v2\/media\/211958"}],"wp:attachment":[{"href":"https:\/\/www.europesays.com\/pt\/wp-json\/wp\/v2\/media?parent=211957"}],"wp:term":[{"taxonomy":"category","embeddable":true,"href":"https:\/\/www.europesays.com\/pt\/wp-json\/wp\/v2\/categories?post=211957"},{"taxonomy":"post_tag","embeddable":true,"href":"https:\/\/www.europesays.com\/pt\/wp-json\/wp\/v2\/tags?post=211957"}],"curies":[{"name":"wp","href":"https:\/\/api.w.org\/{rel}","templated":true}]}}