{"id":211975,"date":"2026-01-02T13:55:15","date_gmt":"2026-01-02T13:55:15","guid":{"rendered":"https:\/\/www.europesays.com\/pt\/211975\/"},"modified":"2026-01-02T13:55:15","modified_gmt":"2026-01-02T13:55:15","slug":"benfica-sidny-inscrito-pode-ser-opcao-para-o-estoril","status":"publish","type":"post","link":"https:\/\/www.europesays.com\/pt\/211975\/","title":{"rendered":"Benfica: Sidny inscrito, pode ser op\u00e7\u00e3o para o Estoril"},"content":{"rendered":"<p>Esse passo burocr\u00e1tico ficou consumado antes do meio-dia, pelo que o ala contratado ao <a class=\"autolink-enabled\" data-resource-id=\"21677\" data-resource-type=\"team\" data-sport=\"football\" href=\"https:\/\/www.abola.pt\/futebol\/estrela-da-amadora-21677\" rel=\"nofollow noopener\" target=\"_blank\">Estrela da Amadora<\/a> pode ser op\u00e7\u00e3o para o jogo com o <a class=\"autolink-enabled\" data-resource-id=\"461\" data-resource-type=\"team\" data-sport=\"football\" href=\"https:\/\/www.abola.pt\/futebol\/estoril-461\" rel=\"nofollow noopener\" target=\"_blank\">Estoril<\/a>, da 17.\u00aa jornada da <a class=\"autolink-enabled\" data-resource-id=\"13\" data-resource-type=\"competition\" data-sport=\"football\" href=\"https:\/\/www.abola.pt\/futebol\/competicao\/liga-portugal-betclic-13\" rel=\"nofollow noopener\" target=\"_blank\">Liga<\/a>, se o treinador encarnado, Jos\u00e9 Mourinho, assim o entender.<\/p>\n<p>Oficializado na ter\u00e7a-feira, Sidny tem estado \u00e0s ordens de Jos\u00e9 Mourinho desde ent\u00e3o, e tudo indica que seja convocado para o jogo deste s\u00e1bado, da ronda final da primeira volta do campeonato.<\/p>\n<p>O cabo-verdiano foi contratado ao <a class=\"autolink-enabled\" data-resource-id=\"21677\" data-resource-type=\"team\" data-sport=\"football\" href=\"https:\/\/www.abola.pt\/futebol\/estrela-da-amadora-21677\" rel=\"nofollow noopener\" target=\"_blank\">Estrela<\/a> por aproximadamente seis milh\u00f5es de euros, ficando o <a class=\"autolink-enabled\" data-resource-id=\"450\" data-resource-type=\"team\" data-sport=\"football\" href=\"https:\/\/www.abola.pt\/futebol\/benfica-450\" rel=\"nofollow noopener\" target=\"_blank\">Benfica<\/a> com 90 por cento do passe. A contrata\u00e7\u00e3o pode implicar o pagamento de mais 2,5 milh\u00f5es de euros, dependentes de objetivos, e <a class=\"autolink-enabled\" data-resource-id=\"274806\" data-resource-type=\"player\" data-sport=\"football\" href=\"https:\/\/www.abola.pt\/futebol\/jogador\/sidny-lopes-cabral-274806\" rel=\"nofollow noopener\" target=\"_blank\">Sidny<\/a> assinou contrato at\u00e9 2030, salvaguardado por uma cl\u00e1usula de rescis\u00e3o de 60 milh\u00f5es de euros.<\/p>\n","protected":false},"excerpt":{"rendered":"Esse passo burocr\u00e1tico ficou consumado antes do meio-dia, pelo que o ala contratado ao Estrela da Amadora pode&hellip;\n","protected":false},"author":2,"featured_media":211976,"comment_status":"","ping_status":"","sticky":false,"template":"","format":"standard","meta":{"footnotes":""},"categories":[8],"tags":[27,28,15,16,14,25,26,21,22,12,13,19,20,32,23,24,33,17,18,29,30,31],"class_list":{"0":"post-211975","1":"post","2":"type-post","3":"status-publish","4":"format-standard","5":"has-post-thumbnail","7":"category-principais-noticias","8":"tag-breaking-news","9":"tag-breakingnews","10":"tag-featured-news","11":"tag-featurednews","12":"tag-headlines","13":"tag-latest-news","14":"tag-latestnews","15":"tag-main-news","16":"tag-mainnews","17":"tag-news","18":"tag-noticias","19":"tag-noticias-principais","20":"tag-noticiasprincipais","21":"tag-portugal","22":"tag-principais-noticias","23":"tag-principaisnoticias","24":"tag-pt","25":"tag-top-stories","26":"tag-topstories","27":"tag-ultimas","28":"tag-ultimas-noticias","29":"tag-ultimasnoticias"},"share_on_mastodon":{"url":"https:\/\/pubeurope.com\/@pt\/115825850751803036","error":""},"_links":{"self":[{"href":"https:\/\/www.europesays.com\/pt\/wp-json\/wp\/v2\/posts\/211975","targetHints":{"allow":["GET"]}}],"collection":[{"href":"https:\/\/www.europesays.com\/pt\/wp-json\/wp\/v2\/posts"}],"about":[{"href":"https:\/\/www.europesays.com\/pt\/wp-json\/wp\/v2\/types\/post"}],"author":[{"embeddable":true,"href":"https:\/\/www.europesays.com\/pt\/wp-json\/wp\/v2\/users\/2"}],"replies":[{"embeddable":true,"href":"https:\/\/www.europesays.com\/pt\/wp-json\/wp\/v2\/comments?post=211975"}],"version-history":[{"count":0,"href":"https:\/\/www.europesays.com\/pt\/wp-json\/wp\/v2\/posts\/211975\/revisions"}],"wp:featuredmedia":[{"embeddable":true,"href":"https:\/\/www.europesays.com\/pt\/wp-json\/wp\/v2\/media\/211976"}],"wp:attachment":[{"href":"https:\/\/www.europesays.com\/pt\/wp-json\/wp\/v2\/media?parent=211975"}],"wp:term":[{"taxonomy":"category","embeddable":true,"href":"https:\/\/www.europesays.com\/pt\/wp-json\/wp\/v2\/categories?post=211975"},{"taxonomy":"post_tag","embeddable":true,"href":"https:\/\/www.europesays.com\/pt\/wp-json\/wp\/v2\/tags?post=211975"}],"curies":[{"name":"wp","href":"https:\/\/api.w.org\/{rel}","templated":true}]}}