{"id":21198,"date":"2025-08-08T14:21:09","date_gmt":"2025-08-08T14:21:09","guid":{"rendered":"https:\/\/www.europesays.com\/pt\/21198\/"},"modified":"2025-08-08T14:21:09","modified_gmt":"2025-08-08T14:21:09","slug":"benfica-nice-vai-ser-transmitido-pela-tvi","status":"publish","type":"post","link":"https:\/\/www.europesays.com\/pt\/21198\/","title":{"rendered":"Benfica-Nice vai ser transmitido pela TVI"},"content":{"rendered":"<p>O Benfica-Nice, jogo decisivo da 3.\u00aa pr\u00e9-eliminat\u00f3ria da Liga dos Campe\u00f5es, vai ser transmitido pela TVI.<\/p>\n<p>A partida est\u00e1 marcada para a pr\u00f3xima ter\u00e7a-feira, dia 12, e tem in\u00edcio marcado para as 20h00.<\/p>\n<p>O Benfica-Nice, atrav\u00e9s da transmiss\u00e3o televisiva e do <a href=\"https:\/\/maisfutebol.iol.pt\/jogo\/benfica\/nice\/13828533\" rel=\"nofollow noopener\" target=\"_blank\"><strong>AO VIVO tradicional<\/strong><\/a>, poder\u00e1 tamb\u00e9m ser tamb\u00e9m seguido no <strong>Maisfutebol<\/strong>\u00a0e nas plataformas digitais da TVI.<\/p>\n","protected":false},"excerpt":{"rendered":"O Benfica-Nice, jogo decisivo da 3.\u00aa pr\u00e9-eliminat\u00f3ria da Liga dos Campe\u00f5es, vai ser transmitido pela TVI. A partida&hellip;\n","protected":false},"author":2,"featured_media":21199,"comment_status":"","ping_status":"","sticky":false,"template":"","format":"standard","meta":{"footnotes":""},"categories":[87],"tags":[51,5043,135,7706,46,731,32,33,47,134],"class_list":{"0":"post-21198","1":"post","2":"type-post","3":"status-publish","4":"format-standard","5":"has-post-thumbnail","7":"category-desporto","8":"tag-benfica","9":"tag-champions","10":"tag-desporto","11":"tag-liga-campeoes","12":"tag-maisfutebol","13":"tag-nice","14":"tag-portugal","15":"tag-pt","16":"tag-pura-paixao","17":"tag-sports"},"share_on_mastodon":{"url":"","error":""},"_links":{"self":[{"href":"https:\/\/www.europesays.com\/pt\/wp-json\/wp\/v2\/posts\/21198","targetHints":{"allow":["GET"]}}],"collection":[{"href":"https:\/\/www.europesays.com\/pt\/wp-json\/wp\/v2\/posts"}],"about":[{"href":"https:\/\/www.europesays.com\/pt\/wp-json\/wp\/v2\/types\/post"}],"author":[{"embeddable":true,"href":"https:\/\/www.europesays.com\/pt\/wp-json\/wp\/v2\/users\/2"}],"replies":[{"embeddable":true,"href":"https:\/\/www.europesays.com\/pt\/wp-json\/wp\/v2\/comments?post=21198"}],"version-history":[{"count":0,"href":"https:\/\/www.europesays.com\/pt\/wp-json\/wp\/v2\/posts\/21198\/revisions"}],"wp:featuredmedia":[{"embeddable":true,"href":"https:\/\/www.europesays.com\/pt\/wp-json\/wp\/v2\/media\/21199"}],"wp:attachment":[{"href":"https:\/\/www.europesays.com\/pt\/wp-json\/wp\/v2\/media?parent=21198"}],"wp:term":[{"taxonomy":"category","embeddable":true,"href":"https:\/\/www.europesays.com\/pt\/wp-json\/wp\/v2\/categories?post=21198"},{"taxonomy":"post_tag","embeddable":true,"href":"https:\/\/www.europesays.com\/pt\/wp-json\/wp\/v2\/tags?post=21198"}],"curies":[{"name":"wp","href":"https:\/\/api.w.org\/{rel}","templated":true}]}}