{"id":211989,"date":"2026-01-02T14:07:08","date_gmt":"2026-01-02T14:07:08","guid":{"rendered":"https:\/\/www.europesays.com\/pt\/211989\/"},"modified":"2026-01-02T14:07:08","modified_gmt":"2026-01-02T14:07:08","slug":"maduro-propoe-acordos-com-os-eua-mas-nao-confirma-ataque-observador","status":"publish","type":"post","link":"https:\/\/www.europesays.com\/pt\/211989\/","title":{"rendered":"Maduro prop\u00f5e acordos com os EUA mas n\u00e3o confirma ataque \u2013 Observador"},"content":{"rendered":"<p>O Presidente da Venezuela, Nicol\u00e1s Maduro, declarou que est\u00e1 pronto para discutir assuntos relacionados com tr\u00e1fico de droga, petr\u00f3leo e acordos econ\u00f3micos com os Estados Unidos, evitando confirmar a realiza\u00e7\u00e3o de um alegado ataque norte-americano em solo venezuelano e afirmando que o sistema de defesa venezuelano garante a \u201cintegridade territorial\u201d do pa\u00eds.<\/p>\n<p>\u201cO Governo dos Estados Unidos sabe disso, porque j\u00e1 dissemos a muitos dos seus porta-vozes: se quiserem discutir seriamente um acordo para combater o narcotr\u00e1fico, estamos prontos. Se quiserem petr\u00f3leo da Venezuela, a Venezuela est\u00e1 pronta para os investimentos americanos, como aconteceu com a Chevron, quando quiserem, onde quiserem e como quiserem\u201d, afirmou<a href=\"https:\/\/youtu.be\/TMk-l6SNb4g?si=WueZfxpHqeCF-508\" rel=\"nofollow noopener\" target=\"_blank\"> em entrevista emitida na esta\u00e7\u00e3o televisiva p\u00fablica VTV na quinta-feira \u00e0 noite.<\/a><\/p>\n<p><strong>O l\u00edder venezuelano disse tamb\u00e9m que manteve \u201capenas uma conversa\u201d com o hom\u00f3logo norte-americano, Donald Trump,<\/strong> numa tentativa de esclarecer \u201cespecula\u00e7\u00f5es\u201d, ap\u00f3s <a href=\"https:\/\/observador.pt\/2025\/12\/29\/trump-diz-que-eua-destruiram-grande-instalacao-de-narcotrafico-em-ataque-terrestre-na-venezuela\/\" rel=\"nofollow noopener\" target=\"_blank\">um suposto novo telefonema \u201cmuito recentemente\u201d<\/a> referido pelo l\u00edder norte-americano.<\/p>\n<p>\u201cEstava a ver especula\u00e7\u00f5es sobre uma segunda conversa. Tivemos (\u2026) apenas uma conversa.<strong> Ele ligou-me na sexta-feira, 21 de novembro, da Casa Branca.<\/strong> E eu estava no Pal\u00e1cio de Miraflores\u201d, disse Maduro ao intelectual franco-espanhol Ignacio Ramonet numa entrevista de cerca de uma hora num \u201cpodcar\u201d. A conversa decorreu num carro, conduzido pelo Presidente venezuelano que chega a beber caf\u00e9 enquanto guia um SUV Toyota.<\/p>\n<p>Maduro, que condena reiteradamente as amea\u00e7as dos Estados Unidos no contexto do destacamento militar de Washington nas Cara\u00edbas para alegadamente combater o tr\u00e1fico de droga, voltou a considerar que a conversa foi \u201cmuito respeitosa\u201d e durou dez minutos.<\/p>\n<p>\u201cA primeira coisa que me disse foi: \u2018Sr. Presidente Maduro\u2019. E eu disse: \u2018Sr. Presidente Donald Trump&#8217;\u201d, contou o l\u00edder venezuelano, descrevendo uma conversa agrad\u00e1vel, apesar de adicionar que <strong>os desenvolvimentos seguintes \u201cn\u00e3o foram agrad\u00e1veis\u201d<\/strong>.<\/p>\n<p>Na passada segunda-feira, Trump afirmou ter falado \u201cmuito recentemente\u201d com Maduro, mas que a conversa n\u00e3o foi produtiva para aliviar a press\u00e3o das autoridades de Washington sobre a Venezuela, no \u00e2mbito de uma campanha de combate ao narcotr\u00e1fico, ao qual atribuem liga\u00e7\u00f5es do regime de Caracas.<\/p>\n<blockquote class=\"wp-embedded-content\" data-secret=\"Gwj4v7Q1vi\">\n<p><a href=\"https:\/\/observador.pt\/2025\/12\/29\/trump-diz-que-eua-destruiram-grande-instalacao-de-narcotrafico-em-ataque-terrestre-na-venezuela\/\" rel=\"nofollow noopener\" target=\"_blank\">EUA atacam porto na Venezuela em opera\u00e7\u00e3o da CIA. Trump diz que foi destru\u00edda \u201cgrande instala\u00e7\u00e3o\u201d<\/a><\/p>\n<\/blockquote>\n<p>Os Estados Unidos mant\u00eam um destacamento militar no Mar das Cara\u00edbas, junto \u00e0s \u00e1guas venezuelanas, desde agosto passado, presumivelmente para combater o narcotr\u00e1fico, mas o Governo venezuelano considera que se trata de um pretexto para procurar uma mudan\u00e7a de regime.<\/p>\n<p>A tens\u00e3o entre Caracas e Washington aumentou depois de Trump ter anunciado a proibi\u00e7\u00e3o da entrada e sa\u00edda de todos os petroleiros sancionados da Venezuela e a apreens\u00e3o de dois navios que transportavam crude venezuelano nas \u00faltimas semanas.<\/p>\n<p><a href=\"https:\/\/observador.pt\/2025\/12\/29\/trump-diz-que-eua-destruiram-grande-instalacao-de-narcotrafico-em-ataque-terrestre-na-venezuela\/\" rel=\"nofollow noopener\" target=\"_blank\">Donald Trump tamb\u00e9m afirmou na segunda-feira que os Estados Unidos destru\u00edram uma \u00e1rea de atracagem<\/a> utilizada por navios acusados de envolvimento com o tr\u00e1fico de droga na Venezuela.<\/p>\n<p>Segundo noticiou o jornal <a href=\"https:\/\/www.nytimes.com\/2025\/12\/29\/us\/politics\/cia-drone-strike-venezuela.html\" rel=\"nofollow noopener\" target=\"_blank\">The New York Times<\/a>, os servi\u00e7os de informa\u00e7\u00e3o CIA realizaram um ataque com drones na semana passada contra uma instala\u00e7\u00e3o portu\u00e1ria na Venezuela, embora o Governo de Caracas ainda n\u00e3o se tenha pronunciado.<\/p>\n<p>Quando\u00a0questionado pelo intelectual franco-espanhol Ignacio Ramonet sobre o alegado ataque, Maduro foi evasivo.<\/p>\n<p>\u201cEste pode ser um assunto que discutiremos dentro de alguns dias. Certamente poderemos discuti-lo dentro de alguns dias\u201d, comentou apenas.<\/p>\n<p>\u201cO sistema de defesa nacional, que combina for\u00e7as populares, militares e policiais, garantiu e continua a garantir a integridade territorial, a paz do pa\u00eds e o uso e frui\u00e7\u00e3o de todo o nosso territ\u00f3rio\u201d, disse Maduro. \u201cO nosso povo est\u00e1 seguro e em paz\u201d, acrescentou o chefe de Estado na entrevista.<\/p>\n","protected":false},"excerpt":{"rendered":"O Presidente da Venezuela, Nicol\u00e1s Maduro, declarou que est\u00e1 pronto para discutir assuntos relacionados com tr\u00e1fico de droga,&hellip;\n","protected":false},"author":2,"featured_media":211990,"comment_status":"","ping_status":"","sticky":false,"template":"","format":"standard","meta":{"footnotes":""},"categories":[50],"tags":[624,27,28,623,15,16,14,25,26,21,22,62,12,13,19,20,23,24,17,18,29,30,31,3023,63,64,65],"class_list":{"0":"post-211989","1":"post","2":"type-post","3":"status-publish","4":"format-standard","5":"has-post-thumbnail","7":"category-mundo","8":"tag-amu00e9rica","9":"tag-breaking-news","10":"tag-breakingnews","11":"tag-estados-unidos-da-amu00e9rica","12":"tag-featured-news","13":"tag-featurednews","14":"tag-headlines","15":"tag-latest-news","16":"tag-latestnews","17":"tag-main-news","18":"tag-mainnews","19":"tag-mundo","20":"tag-news","21":"tag-noticias","22":"tag-noticias-principais","23":"tag-noticiasprincipais","24":"tag-principais-noticias","25":"tag-principaisnoticias","26":"tag-top-stories","27":"tag-topstories","28":"tag-ultimas","29":"tag-ultimas-noticias","30":"tag-ultimasnoticias","31":"tag-venezuela","32":"tag-world","33":"tag-world-news","34":"tag-worldnews"},"share_on_mastodon":{"url":"https:\/\/pubeurope.com\/@pt\/115825897945828288","error":""},"_links":{"self":[{"href":"https:\/\/www.europesays.com\/pt\/wp-json\/wp\/v2\/posts\/211989","targetHints":{"allow":["GET"]}}],"collection":[{"href":"https:\/\/www.europesays.com\/pt\/wp-json\/wp\/v2\/posts"}],"about":[{"href":"https:\/\/www.europesays.com\/pt\/wp-json\/wp\/v2\/types\/post"}],"author":[{"embeddable":true,"href":"https:\/\/www.europesays.com\/pt\/wp-json\/wp\/v2\/users\/2"}],"replies":[{"embeddable":true,"href":"https:\/\/www.europesays.com\/pt\/wp-json\/wp\/v2\/comments?post=211989"}],"version-history":[{"count":0,"href":"https:\/\/www.europesays.com\/pt\/wp-json\/wp\/v2\/posts\/211989\/revisions"}],"wp:featuredmedia":[{"embeddable":true,"href":"https:\/\/www.europesays.com\/pt\/wp-json\/wp\/v2\/media\/211990"}],"wp:attachment":[{"href":"https:\/\/www.europesays.com\/pt\/wp-json\/wp\/v2\/media?parent=211989"}],"wp:term":[{"taxonomy":"category","embeddable":true,"href":"https:\/\/www.europesays.com\/pt\/wp-json\/wp\/v2\/categories?post=211989"},{"taxonomy":"post_tag","embeddable":true,"href":"https:\/\/www.europesays.com\/pt\/wp-json\/wp\/v2\/tags?post=211989"}],"curies":[{"name":"wp","href":"https:\/\/api.w.org\/{rel}","templated":true}]}}