{"id":211991,"date":"2026-01-02T14:08:17","date_gmt":"2026-01-02T14:08:17","guid":{"rendered":"https:\/\/www.europesays.com\/pt\/211991\/"},"modified":"2026-01-02T14:08:17","modified_gmt":"2026-01-02T14:08:17","slug":"tradicional-fogo-de-artificio-deu-boas-vindas-a-2026-na-madeira","status":"publish","type":"post","link":"https:\/\/www.europesays.com\/pt\/211991\/","title":{"rendered":"Tradicional fogo-de-artif\u00edcio deu boas-vindas a 2026 na Madeira"},"content":{"rendered":"<p id=\"block-1\">Apesar dos avisos de mau tempo, d e alguma chuva que se fez sentir e dos receios instalados, o tradicional espect\u00e1culo pirot\u00e9cnico, um dos maiores cartazes da Madeira, encheu de luz e cor o Funchal, que at\u00e9 ao fim da tarde estava com muita pouca gente.<\/p>\n<p id=\"block-2\">O momento aguardado com grande expectativa todos os anos &#8211; e que transmitimos em directo no Facebook &#8211; teve a dura\u00e7\u00e3o de oito minutos, com fogo lan\u00e7ado a partir de 58 postos &#8211; 26 localizados no anfiteatro, 25 na avenida marginal e cinco em embarca\u00e7\u00f5es ao largo da ba\u00eda -, num total de 22 toneladas de material pirot\u00e9cnico e 97 mil disparos.<\/p>\n<p id=\"block-4\">O espect\u00e1culo de fogo-de-artif\u00edcio foi condicionado do ponto de vista est\u00e9tico nalgumas zonas pela nuvens baixas e algum vento e chuva, mas tal n\u00e3o impediu que o espect\u00e1culo pirot\u00e9cnico n\u00e3o fosse realizado, com muito estrangeiro a ver.<\/p>\n<p id=\"block-6\">O navio Silver Muse, que fazia esta quarta-feira a escala inaugural na Madeira, cancelou a escala no Funchal na noite de fim de ano. Contudo, o Porto do Funchal recebeu mais de 30 mil pessoas, 22 mil das quais passageiros, que chegaram em 11 navios de cruzeiro e um veleiro para assistir \u00e0 passagem de ano.<\/p>\n<p id=\"block-7\">Bollete, Spirit of Adventure, Ambience, Santa Maria Manuela, AIDAbella, Mein Schiff Relax, Marella Voyager, Spirit of Discovery, Artania, Arcadia, Mein Schiff 7 e Mein Schiff 3.<\/p>\n<p id=\"block-9\">Como \u00e9 habitual o espect\u00e1culo pirot\u00e9cnico terminou com estrondo, como documenta o video de Jorge Freitas Sousa.<\/p>\n<p id=\"block-11\">A Regi\u00e3o investiu 4,6 milh\u00f5es de euros nas festividades de Natal e Fim de Ano, que come\u00e7aram em 1 de Dezembro e se prolongam 7 de Janeiro de 2026, sendo que a taxa de ocupa\u00e7\u00e3o hoteleira nesta altura de passagem de ano ronda aos 100%. <\/p>\n","protected":false},"excerpt":{"rendered":"Apesar dos avisos de mau tempo, d e alguma chuva que se fez sentir e dos receios instalados,&hellip;\n","protected":false},"author":2,"featured_media":211992,"comment_status":"","ping_status":"","sticky":false,"template":"","format":"standard","meta":{"footnotes":""},"categories":[10],"tags":[27,28,15,16,14,25,26,21,22,12,13,19,20,32,23,24,33,17,18,29,30,31],"class_list":{"0":"post-211991","1":"post","2":"type-post","3":"status-publish","4":"format-standard","5":"has-post-thumbnail","7":"category-portugal","8":"tag-breaking-news","9":"tag-breakingnews","10":"tag-featured-news","11":"tag-featurednews","12":"tag-headlines","13":"tag-latest-news","14":"tag-latestnews","15":"tag-main-news","16":"tag-mainnews","17":"tag-news","18":"tag-noticias","19":"tag-noticias-principais","20":"tag-noticiasprincipais","21":"tag-portugal","22":"tag-principais-noticias","23":"tag-principaisnoticias","24":"tag-pt","25":"tag-top-stories","26":"tag-topstories","27":"tag-ultimas","28":"tag-ultimas-noticias","29":"tag-ultimasnoticias"},"share_on_mastodon":{"url":"https:\/\/pubeurope.com\/@pt\/115825901870297911","error":""},"_links":{"self":[{"href":"https:\/\/www.europesays.com\/pt\/wp-json\/wp\/v2\/posts\/211991","targetHints":{"allow":["GET"]}}],"collection":[{"href":"https:\/\/www.europesays.com\/pt\/wp-json\/wp\/v2\/posts"}],"about":[{"href":"https:\/\/www.europesays.com\/pt\/wp-json\/wp\/v2\/types\/post"}],"author":[{"embeddable":true,"href":"https:\/\/www.europesays.com\/pt\/wp-json\/wp\/v2\/users\/2"}],"replies":[{"embeddable":true,"href":"https:\/\/www.europesays.com\/pt\/wp-json\/wp\/v2\/comments?post=211991"}],"version-history":[{"count":0,"href":"https:\/\/www.europesays.com\/pt\/wp-json\/wp\/v2\/posts\/211991\/revisions"}],"wp:featuredmedia":[{"embeddable":true,"href":"https:\/\/www.europesays.com\/pt\/wp-json\/wp\/v2\/media\/211992"}],"wp:attachment":[{"href":"https:\/\/www.europesays.com\/pt\/wp-json\/wp\/v2\/media?parent=211991"}],"wp:term":[{"taxonomy":"category","embeddable":true,"href":"https:\/\/www.europesays.com\/pt\/wp-json\/wp\/v2\/categories?post=211991"},{"taxonomy":"post_tag","embeddable":true,"href":"https:\/\/www.europesays.com\/pt\/wp-json\/wp\/v2\/tags?post=211991"}],"curies":[{"name":"wp","href":"https:\/\/api.w.org\/{rel}","templated":true}]}}