{"id":211993,"date":"2026-01-02T14:09:22","date_gmt":"2026-01-02T14:09:22","guid":{"rendered":"https:\/\/www.europesays.com\/pt\/211993\/"},"modified":"2026-01-02T14:09:22","modified_gmt":"2026-01-02T14:09:22","slug":"carro-submerso-no-mar-da-nazare-tudo-o-que-se-sabe-sobre-o-estranho-desaparecimento-de-maycon-douglas-nacional","status":"publish","type":"post","link":"https:\/\/www.europesays.com\/pt\/211993\/","title":{"rendered":"Carro submerso no mar da Nazar\u00e9: tudo o que se sabe sobre o estranho desaparecimento de Maycon Douglas &#8211; Nacional"},"content":{"rendered":"<p class=\"\">&#13;<br \/>\n        Desde a madrugada de 31 de dezembro que o alerta tinha sido dado: Maycon Douglas, ex-concorrente da &#8216;Casa dos Segredos&#8217;, tinha desaparecido, pelas 5h00, sendo que a \u00faltima vez que tinha sido avistado havia sido na Nazar\u00e9. Depois de a fam\u00edlia ter comunicado o desaparecimento, come\u00e7ou a investiga\u00e7\u00e3o, que ganhou novos contornos, depois de os destro\u00e7os de uma viatura terem sido encontrados junto ao\u00a0Farol de S\u00e3o Miguel Arcanjo, na Nazar\u00e9, o que levaria a buscas em terra e mar, at\u00e9 se descobrir que um carro &#8211; alegadamente pertencente ao jovem &#8211; estava submerso nas imedia\u00e7\u00f5es, segundo revelou um comunicado da autoridade mar\u00edtima.&#13;\n    <\/p>\n<p class=\"\">&#13;<br \/>\n        &#8220;Foram esta manh\u00e3, 01 de janeiro, iniciadas buscas por um jovem de 26 anos, que alegadamente se encontra desaparecido desde a madrugada de 31 de dezembro, na Nazar\u00e9. Na sequ\u00eancia de um alerta pelas 08h50, atrav\u00e9s da PSP, a informar que se encontravam destro\u00e7os de uma viatura junto ao farol de S\u00e3o Miguel Arcanjo, foram de imediato ativados tripulantes da Esta\u00e7\u00e3o Salva-vidas da Nazar\u00e9 e elementos do Comando Local da Pol\u00edcia Mar\u00edtima da Nazar\u00e9. \u00c0 chegada ao local constatou-se que existia uma forte probabilidade de a viatura estar dentro de \u00e1gua, tendo sido de imediato ativados elementos do Grupo de Mergulho Forense da Pol\u00edcia Mar\u00edtima, que efetuaram buscas subaqu\u00e1ticas&#8221;, pode ler-se no comunicado, onde se acrescenta que n\u00e3o se encontrava ningu\u00e9m dentro da viatura, que ter\u00e1 ca\u00eddo ao mar a quatro ou cinco metros de profundidade.&#13;\n    <\/p>\n<p class=\"\">&#13;<br \/>\n        <b>&#8220;Os mergulhadores detetaram a viatura submersa e constataram que n\u00e3o se encontrava ningu\u00e9m dentro da mesma, nem na \u00e1rea circundante. Nas opera\u00e7\u00f5es de busca, coordenadas pelo Capit\u00e3o do Porto e Comandante Local da Pol\u00edcia Mar\u00edtima da Nazar\u00e9, est\u00e3o tamb\u00e9m empenhados tripulantes da Esta\u00e7\u00e3o Salva-vidas da Nazar\u00e9 e elementos do Comando Local da Pol\u00edcia Mar\u00edtima da Nazar\u00e9.&#8221;<\/b>&#13;\n    <\/p>\n<p class=\"\">&#13;<br \/>\n        Sem corpo ou quaisquer informa\u00e7\u00f5es acerca do paradeiro de Maycon, adensa-se o mist\u00e9rio em torno do desaparecimento do jovem, que ainda h\u00e1 um dia tinha deixado uma tradicional mensagem de Ano Novo nas redes sociais, aludindo aos seus planos para 2026.&#13;\n    <\/p>\n<p class=\"\">&#13;<br \/>\n        <b>&#8220;2025 foi intenso. Aprendeu-se muito, viveu-se mais ainda. Uma das datas com mais significado para mim \u00e9 o Ano Novo\u2026 porqu\u00ea ? N\u00e3o sei. Talvez aquela sensa\u00e7\u00e3o de recome\u00e7o, mesmo sabendo que, no fundo, est\u00e1 tudo igual.&#8221;<\/b>&#13;\n    <\/p>\n<p>        &#13;<br \/>\n            Saber mais sobre&#13;<br \/>\n            &#13;<br \/>\n            &#13;<\/p>\n<p>    &#13;<br \/>\n        &#13;<br \/>\n        &#13;<br \/>\n&#13;<\/p>\n","protected":false},"excerpt":{"rendered":"&#13; Desde a madrugada de 31 de dezembro que o alerta tinha sido dado: Maycon Douglas, ex-concorrente da&hellip;\n","protected":false},"author":2,"featured_media":211994,"comment_status":"","ping_status":"","sticky":false,"template":"","format":"standard","meta":{"footnotes":""},"categories":[8],"tags":[27,28,15,16,14,25,26,21,22,5563,12,13,19,20,1086,38587,32,23,24,33,17,18,29,30,31],"class_list":{"0":"post-211993","1":"post","2":"type-post","3":"status-publish","4":"format-standard","5":"has-post-thumbnail","7":"category-principais-noticias","8":"tag-breaking-news","9":"tag-breakingnews","10":"tag-featured-news","11":"tag-featurednews","12":"tag-headlines","13":"tag-latest-news","14":"tag-latestnews","15":"tag-main-news","16":"tag-mainnews","17":"tag-nazare","18":"tag-news","19":"tag-noticias","20":"tag-noticias-principais","21":"tag-noticiasprincipais","22":"tag-policia","23":"tag-policia-de-seguranca-publica","24":"tag-portugal","25":"tag-principais-noticias","26":"tag-principaisnoticias","27":"tag-pt","28":"tag-top-stories","29":"tag-topstories","30":"tag-ultimas","31":"tag-ultimas-noticias","32":"tag-ultimasnoticias"},"share_on_mastodon":{"url":"https:\/\/pubeurope.com\/@pt\/115825905743732574","error":""},"_links":{"self":[{"href":"https:\/\/www.europesays.com\/pt\/wp-json\/wp\/v2\/posts\/211993","targetHints":{"allow":["GET"]}}],"collection":[{"href":"https:\/\/www.europesays.com\/pt\/wp-json\/wp\/v2\/posts"}],"about":[{"href":"https:\/\/www.europesays.com\/pt\/wp-json\/wp\/v2\/types\/post"}],"author":[{"embeddable":true,"href":"https:\/\/www.europesays.com\/pt\/wp-json\/wp\/v2\/users\/2"}],"replies":[{"embeddable":true,"href":"https:\/\/www.europesays.com\/pt\/wp-json\/wp\/v2\/comments?post=211993"}],"version-history":[{"count":0,"href":"https:\/\/www.europesays.com\/pt\/wp-json\/wp\/v2\/posts\/211993\/revisions"}],"wp:featuredmedia":[{"embeddable":true,"href":"https:\/\/www.europesays.com\/pt\/wp-json\/wp\/v2\/media\/211994"}],"wp:attachment":[{"href":"https:\/\/www.europesays.com\/pt\/wp-json\/wp\/v2\/media?parent=211993"}],"wp:term":[{"taxonomy":"category","embeddable":true,"href":"https:\/\/www.europesays.com\/pt\/wp-json\/wp\/v2\/categories?post=211993"},{"taxonomy":"post_tag","embeddable":true,"href":"https:\/\/www.europesays.com\/pt\/wp-json\/wp\/v2\/tags?post=211993"}],"curies":[{"name":"wp","href":"https:\/\/api.w.org\/{rel}","templated":true}]}}