{"id":212000,"date":"2026-01-02T14:15:07","date_gmt":"2026-01-02T14:15:07","guid":{"rendered":"https:\/\/www.europesays.com\/pt\/212000\/"},"modified":"2026-01-02T14:15:07","modified_gmt":"2026-01-02T14:15:07","slug":"hugh-jackman-da-resposta-enigmatica-sobre-possivel-participacao-em-vingadores-doutor-destino","status":"publish","type":"post","link":"https:\/\/www.europesays.com\/pt\/212000\/","title":{"rendered":"Hugh Jackman d\u00e1 resposta enigm\u00e1tica sobre poss\u00edvel participa\u00e7\u00e3o em Vingadores: Doutor Destino"},"content":{"rendered":"<p class=\"wp-block-yoast-seo-estimated-reading-time yoast-reading-time__wrapper\">Estimated reading time: 2 minutos<\/p>\n<p>Ap\u00f3s deixar claro que est\u00e1 aberto a voltar como <a href=\"https:\/\/ovicio.com.br\/tag\/wolverine\" target=\"_blank\" rel=\"noreferrer noopener nofollow\">Wolverine<\/a> no futuro do MCU, <a href=\"https:\/\/ovicio.com.br\/tag\/hugh-jackman\" target=\"_blank\" rel=\"noreferrer noopener nofollow\">Hugh Jackman<\/a> d\u00e1 resposta enigm\u00e1tica sobre especulada participa\u00e7\u00e3o em <a href=\"https:\/\/ovicio.com.br\/tag\/vingadores-doutor-destino\" target=\"_blank\" rel=\"noreferrer noopener nofollow\">Vingadores: Doutor Destino (2026)<\/a>.<\/p>\n<p>Conforme compartilhado pelo Cosmic Marvel, em declara\u00e7\u00e3o pelo The View, o famoso int\u00e9rprete de <a href=\"https:\/\/ovicio.com.br\/filme\/logan\" target=\"_blank\" rel=\"noreferrer noopener nofollow\">Logan<\/a> volta a expressar otimismo sobre voltar a viver o X-Man no universo de super-her\u00f3is.<\/p>\n<p><strong>&#8220;Meu instinto diz que ainda n\u00e3o terminei. Mas essa \u00e9 s\u00f3 a minha opini\u00e3o. A Marvel pode ter ideias diferentes.&#8221;<\/strong><\/p>\n<p>Vale lembrar que o presidente da <a href=\"https:\/\/ovicio.com.br\/tag\/marvel-studios\" target=\"_blank\" rel=\"noreferrer noopener nofollow\">Marvel Studios<\/a>, <strong>Kevin Feige<\/strong>, j\u00e1 confirmou que tanto <strong>Hugh Jackman<\/strong> quanto <a href=\"https:\/\/ovicio.com.br\/tag\/ryan-reynolds\" target=\"_blank\" rel=\"noreferrer noopener nofollow\">Ryan Reynolds<\/a> estavam em negocia\u00e7\u00f5es para continuarem no universo ap\u00f3s o sucesso de <a href=\"https:\/\/ovicio.com.br\/tag\/deadpool-&amp;-wolverine\" target=\"_blank\" rel=\"noreferrer noopener nofollow\">Deadpool &amp; Wolverine (2024).<\/a><\/p>\n<p>Rumores recentes tamb\u00e9m apontaram que <strong>Wolverine<\/strong> poderia ganhar um projeto solo no MCU ap\u00f3s a <strong>Saga do Multiverso<\/strong>, mas nada est\u00e1 confirmado at\u00e9 o momento.<\/p>\n<p><strong>Vingadores: Doutor Destino<\/strong>, por sua vez, tem lan\u00e7amento agendado para <strong>18 de dezembro de 2026<\/strong> nos cinemas, apresentando o in\u00edcio do pr\u00f3ximo megaevento da franquia.<\/p>\n<p>Leia mais sobre Hugh Jackman e Vingadores:<\/p>\n<p><strong>Fonte:<\/strong> <a href=\"https:\/\/x.com\/cosmic_marvel\/status\/2006830744954614104\" target=\"_blank\" rel=\"noreferrer noopener nofollow\">Cosmic Marvel<\/a>.<\/p>\n","protected":false},"excerpt":{"rendered":"Estimated reading time: 2 minutos Ap\u00f3s deixar claro que est\u00e1 aberto a voltar como Wolverine no futuro do&hellip;\n","protected":false},"author":2,"featured_media":212001,"comment_status":"","ping_status":"","sticky":false,"template":"","format":"standard","meta":{"footnotes":""},"categories":[140],"tags":[37738,114,115,147,148,15530,12733,146,32,33,38893,8106],"class_list":{"0":"post-212000","1":"post","2":"type-post","3":"status-publish","4":"format-standard","5":"has-post-thumbnail","7":"category-filmes","8":"tag-deadpool-wolverine","9":"tag-entertainment","10":"tag-entretenimento","11":"tag-film","12":"tag-filmes","13":"tag-hugh-jackman","14":"tag-marvel-studios","15":"tag-movies","16":"tag-portugal","17":"tag-pt","18":"tag-vingadores-doutor-destino","19":"tag-wolverine"},"share_on_mastodon":{"url":"https:\/\/pubeurope.com\/@pt\/115825929375574516","error":""},"_links":{"self":[{"href":"https:\/\/www.europesays.com\/pt\/wp-json\/wp\/v2\/posts\/212000","targetHints":{"allow":["GET"]}}],"collection":[{"href":"https:\/\/www.europesays.com\/pt\/wp-json\/wp\/v2\/posts"}],"about":[{"href":"https:\/\/www.europesays.com\/pt\/wp-json\/wp\/v2\/types\/post"}],"author":[{"embeddable":true,"href":"https:\/\/www.europesays.com\/pt\/wp-json\/wp\/v2\/users\/2"}],"replies":[{"embeddable":true,"href":"https:\/\/www.europesays.com\/pt\/wp-json\/wp\/v2\/comments?post=212000"}],"version-history":[{"count":0,"href":"https:\/\/www.europesays.com\/pt\/wp-json\/wp\/v2\/posts\/212000\/revisions"}],"wp:featuredmedia":[{"embeddable":true,"href":"https:\/\/www.europesays.com\/pt\/wp-json\/wp\/v2\/media\/212001"}],"wp:attachment":[{"href":"https:\/\/www.europesays.com\/pt\/wp-json\/wp\/v2\/media?parent=212000"}],"wp:term":[{"taxonomy":"category","embeddable":true,"href":"https:\/\/www.europesays.com\/pt\/wp-json\/wp\/v2\/categories?post=212000"},{"taxonomy":"post_tag","embeddable":true,"href":"https:\/\/www.europesays.com\/pt\/wp-json\/wp\/v2\/tags?post=212000"}],"curies":[{"name":"wp","href":"https:\/\/api.w.org\/{rel}","templated":true}]}}