{"id":212003,"date":"2026-01-02T14:17:21","date_gmt":"2026-01-02T14:17:21","guid":{"rendered":"https:\/\/www.europesays.com\/pt\/212003\/"},"modified":"2026-01-02T14:17:21","modified_gmt":"2026-01-02T14:17:21","slug":"uso-prolongado-de-remedios-para-dormir-pode-afetar-bem-estar-de-idosos-noticias-r7","status":"publish","type":"post","link":"https:\/\/www.europesays.com\/pt\/212003\/","title":{"rendered":"Uso prolongado de rem\u00e9dios para dormir pode afetar bem-estar de idosos \u2013 Noticias R7"},"content":{"rendered":"<p>LEIA AQUI O RESUMO DA NOT\u00cdCIA<\/p>\n<ul class=\"b-article-body-custom-embed-brief-news__list\" style=\"margin: 0; padding-left: 20px; list-style-type: disc;\">\n<li>Estudo conecta uso prolongado de rem\u00e9dios para dormir em idosos a riscos de quedas e preju\u00edzos cognitivos.<\/li>\n<li>Interrup\u00e7\u00e3o do uso de medicamentos melhora qualidade de vida e reduz comprometimento cognitivo.<\/li>\n<li>Tratamento para ins\u00f4nia deve ser tempor\u00e1rio e monitorado por m\u00e9dicos especialistas, evitando a normaliza\u00e7\u00e3o do uso cr\u00f4nico.<\/li>\n<li>Papel importante de pol\u00edticas e pr\u00e1ticas cl\u00ednicas \u00e9 essencial para reduzir o consumo desses medicamentos em larga escala.<\/li>\n<\/ul>\n<p style=\"font-size: 0.8em; font-style: italic; text-align: right; margin-top: 15px; padding-bottom: 5px; margin-bottom: 0;\">Produzido pela Ri7a &#8211; a Intelig\u00eancia Artificial do R7<\/p>\n<p><img decoding=\"async\" data-chromatic=\"ignore\" alt=\"\" class=\"c-image\" loading=\"lazy\" src=\"https:\/\/www.europesays.com\/pt\/wp-content\/uploads\/2026\/01\/YZFXDP3DKJEZRPR6L36KSSSG6E.jpg\"  width=\"6000\" height=\"4000\"\/>Estudo comprova que interromper o uso de rem\u00e9dios para dormir pode reduzir riscos de preju\u00edzos cognitivos para idosos Reprodu\u00e7\u00e3o\/Freepik <\/p>\n<p class=\"jarvics:base-text-neutral-high-400 base-text-[calc(theme(fontSize.xs)_*_var(--font-size,_1))] base-font-normal base-font-primary base-text-neutral-low-500 base-text-left\">Cada vez mais comum, a dificuldade para dormir leva muitas pessoas que sofrem com dist\u00farbios do <a href=\"https:\/\/www.r7.com\/tudo-sobre\/sono\/\" target=\"_self\" rel=\"nofollow noopener\" title=\"https:\/\/www.r7.com\/tudo-sobre\/sono\/\">sono<\/a>, como a ins\u00f4nia, a recorrerem a medicamentos para conseguir descansar. Mas um estudo publicado em outubro na revista The Lancet Regional Health mostra que essa depend\u00eancia pode trazer riscos. <\/p>\n<p class=\"jarvics:base-text-neutral-high-400 base-text-[calc(theme(fontSize.xs)_*_var(--font-size,_1))] base-font-normal base-font-primary base-text-neutral-low-500 base-text-left\">Pesquisadores simularam dois futuros para um mesmo grupo populacional de 15,3 milh\u00f5es de pessoas nos Estados Unidos. Todas tinham acima de 50 anos e faziam uso regular de medicamentos para dormir. <\/p>\n<p class=\"jarvics:base-text-neutral-high-400 base-text-[calc(theme(fontSize.xs)_*_var(--font-size,_1))] base-font-normal base-font-primary base-text-neutral-low-500 base-text-left\">No primeiro cen\u00e1rio, o uso da droga foi mantido; no outro, interrompido. Os resultados demonstram que evitar o uso das medica\u00e7\u00f5es reduziu o comprometimento cognitivo ao longo da vida, al\u00e9m de ter sido observada uma melhora consider\u00e1vel no tempo e, principalmente, na <a href=\"https:\/\/www.r7.com\/tudo-sobre\/qualidade-de-vida\/\" target=\"_self\" rel=\"nofollow noopener\" title=\"https:\/\/www.r7.com\/tudo-sobre\/qualidade-de-vida\/\">qualidade de vida<\/a> desses pacientes. <\/p>\n<p class=\"jarvics:base-text-neutral-high-400 base-text-[calc(theme(fontSize.xs)_*_var(--font-size,_1))] base-font-normal base-font-primary base-text-neutral-low-500 base-text-left\">A publica\u00e7\u00e3o tamb\u00e9m alerta para o risco de quedas e preju\u00edzos cognitivos em <a href=\"https:\/\/www.r7.com\/tudo-sobre\/idosos\/\" target=\"_self\" rel=\"nofollow noopener\" title=\"https:\/\/www.r7.com\/tudo-sobre\/idosos\/\">idosos<\/a>. \u201cSe reduzirmos ou interrompermos o uso desses medicamentos, diminu\u00edmos a incid\u00eancia desses eventos, pois quanto maior for a quantidade de seda\u00e7\u00e3o, mais altera\u00e7\u00f5es do equil\u00edbrio podem aumentar o risco de queda\u201d, explica a neurofisiologista especialista em sono Leticia Soster, do Einstein Hospital Israelita. <\/p>\n<p class=\"jarvics:base-text-neutral-high-400 base-text-[calc(theme(fontSize.xs)_*_var(--font-size,_1))] base-font-normal base-font-primary base-text-neutral-low-500 base-text-left\">A ins\u00f4nia pode tanto ser sintoma de outra condi\u00e7\u00e3o, como ansiedade ou transtornos de humor, quanto uma patologia isolada. Neste \u00faltimo caso, quando h\u00e1 o diagn\u00f3stico de ins\u00f4nia cr\u00f4nica, o quadro ocorre pelo menos tr\u00eas noites por semana e por mais de tr\u00eas meses. <\/p>\n<p class=\"jarvics:base-text-neutral-high-400 base-text-[calc(theme(fontSize.xs)_*_var(--font-size,_1))] base-font-normal base-font-primary base-text-neutral-low-500 base-text-left\">Como a priva\u00e7\u00e3o do sono pode acarretar uma s\u00e9rie de malef\u00edcios para a <a href=\"https:\/\/www.r7.com\/tudo-sobre\/saude\/\" target=\"_self\" rel=\"nofollow noopener\" title=\"https:\/\/www.r7.com\/tudo-sobre\/saude\/\">sa\u00fade<\/a> f\u00edsica e mental, inclusive com a possibilidade de desenvolver novas doen\u00e7as, \u00e9 nessas situa\u00e7\u00f5es cr\u00f4nicas que o tratamento medicamentoso pode ser uma op\u00e7\u00e3o. <\/p>\n<p class=\"jarvics:base-text-neutral-high-400 base-text-[calc(theme(fontSize.xs)_*_var(--font-size,_1))] base-font-normal base-font-primary base-text-neutral-low-500 base-text-left\">Mas esse uso n\u00e3o deve ser permanente e sempre precisa ser acompanhado por um m\u00e9dico especialista. \u201cO equil\u00edbrio est\u00e1 em manter a qualidade de vida de uma forma global, e o sono \u00e9 um item da qualidade de vida. \u00c9 poss\u00edvel fazer o uso tempor\u00e1rio do medicamento, mas lembrando que n\u00e3o \u00e9 uma coisa para tratar para sempre. N\u00e3o se deve normalizar o uso cr\u00f4nico desses rem\u00e9dios por anos\u201d, frisa Soster. <\/p>\n<p>Desafios da desprescri\u00e7\u00e3o <\/p>\n<p class=\"jarvics:base-text-neutral-high-400 base-text-[calc(theme(fontSize.xs)_*_var(--font-size,_1))] base-font-normal base-font-primary base-text-neutral-low-500 base-text-left\">Os achados do estudo refor\u00e7am a necessidade de revisar o consumo prolongado desses medicamentos. Para os autores, o uso cr\u00f4nico, como vem sendo feito, pode piorar a qualidade de vida. <\/p>\n<p class=\"jarvics:base-text-neutral-high-400 base-text-[calc(theme(fontSize.xs)_*_var(--font-size,_1))] base-font-normal base-font-primary base-text-neutral-low-500 base-text-left\">Esfor\u00e7os para desprescrever, isto \u00e9, reduzir ou interromper o uso dessas medica\u00e7\u00f5es, podem estar relacionados \u00e0 melhora da qualidade de vida em adultos de meia-idade e idosos. <\/p>\n<p class=\"jarvics:base-text-neutral-high-400 base-text-[calc(theme(fontSize.xs)_*_var(--font-size,_1))] base-font-normal base-font-primary base-text-neutral-low-500 base-text-left\">\u201cO que se fala na pr\u00e1tica cl\u00ednica da medicina do sono \u00e9 que, eventualmente, podemos usar essas medica\u00e7\u00f5es, mas com um papel importante s\u00f3 em momentos espec\u00edficos. Se mantidos por longos anos, o custo em sa\u00fade \u00e9 muito maior do que o benef\u00edcio agregado\u201d, ressalta a m\u00e9dica do Einstein. <\/p>\n<p class=\"jarvics:base-text-neutral-high-400 base-text-[calc(theme(fontSize.xs)_*_var(--font-size,_1))] base-font-normal base-font-primary base-text-neutral-low-500 base-text-left\">Nesse sentido, a pesquisa sugere que o principal desafio \u00e9 organizar pol\u00edticas e pr\u00e1ticas cl\u00ednicas que permitam essa redu\u00e7\u00e3o em larga escala. \u201cIsso depende de capacitar profissionais, revisar prescri\u00e7\u00f5es de rotina e criar programas de desprescri\u00e7\u00e3o\u201d, observa Leticia Soster. <\/p>\n<p>Alternativas n\u00e3o medicamentosas <\/p>\n<p class=\"jarvics:base-text-neutral-high-400 base-text-[calc(theme(fontSize.xs)_*_var(--font-size,_1))] base-font-normal base-font-primary base-text-neutral-low-500 base-text-left\">A vers\u00e3o mais recente do Consenso Brasileiro de Ins\u00f4nia, elaborado pela Academia Brasileira do Sono e pela Associa\u00e7\u00e3o Brasileira de Medicina do Sono, aponta a terapia cognitivo-comportamental para ins\u00f4nia (TCC-I) como a principal estrat\u00e9gia n\u00e3o farmacol\u00f3gica para tratar o problema. <\/p>\n<p class=\"jarvics:base-text-neutral-high-400 base-text-[calc(theme(fontSize.xs)_*_var(--font-size,_1))] base-font-normal base-font-primary base-text-neutral-low-500 base-text-left\">O documento tamb\u00e9m recomenda, em complemento \u00e0 terapia, medidas como a pr\u00e1tica regular de exerc\u00edcios f\u00edsicos e a\u00e7\u00f5es de higiene do sono \u2014 um conjunto de h\u00e1bitos que ajudam a melhorar a qualidade do descanso. <\/p>\n<p class=\"jarvics:base-text-neutral-high-400 base-text-[calc(theme(fontSize.xs)_*_var(--font-size,_1))] base-font-normal base-font-primary base-text-neutral-low-500 base-text-left\">Segundo o Minist\u00e9rio da Sa\u00fade, com base na 3\u00aa edi\u00e7\u00e3o da Classifica\u00e7\u00e3o Internacional de Dist\u00farbios do Sono (ICSD), a ins\u00f4nia cr\u00f4nica se manifesta por sinais como dificuldade para iniciar ou manter o sono, despertares antecipados, resist\u00eancia em ir para a cama no hor\u00e1rio adequado e depend\u00eancia de outras pessoas (pais e cuidadores, por exemplo) para adormecer. <\/p>\n<p class=\"jarvics:base-text-neutral-high-400 base-text-[calc(theme(fontSize.xs)_*_var(--font-size,_1))] base-font-normal base-font-primary base-text-neutral-low-500 base-text-left\">Al\u00e9m disso, s\u00e3o frequentes sintomas como fadiga; redu\u00e7\u00e3o da aten\u00e7\u00e3o, concentra\u00e7\u00e3o ou mem\u00f3ria; preju\u00edzos nas rela\u00e7\u00f5es sociais, familiares, no trabalho ou no desempenho escolar; altera\u00e7\u00f5es de humor e irritabilidade; sonol\u00eancia diurna; mudan\u00e7as comportamentais; perda de motiva\u00e7\u00e3o; maior risco de acidentes e erros; e uma sensa\u00e7\u00e3o persistente de preocupa\u00e7\u00e3o ou insatisfa\u00e7\u00e3o com o pr\u00f3prio sono. <\/p>\n<p class=\"jarvics:base-text-neutral-high-400 base-text-[calc(theme(fontSize.xs)_*_var(--font-size,_1))] base-font-normal base-font-primary base-text-neutral-low-500 base-text-left\"><b>Fique por dentro das principais not\u00edcias do dia no Brasil e no mundo. <\/b><a href=\"https:\/\/whatsapp.com\/channel\/0029Va6eEELGZNCyryabmO1m\" rel=\"nofollow noopener\" target=\"_blank\"><b>Siga o canal do R7<\/b><\/a><b>, o portal de not\u00edcias da RECORD, no WhatsApp<\/b><\/p>\n","protected":false},"excerpt":{"rendered":"LEIA AQUI O RESUMO DA NOT\u00cdCIA Estudo conecta uso prolongado de rem\u00e9dios para dormir em idosos a riscos&hellip;\n","protected":false},"author":2,"featured_media":212004,"comment_status":"","ping_status":"","sticky":false,"template":"","format":"standard","meta":{"footnotes":""},"categories":[86],"tags":[116,3385,32,33,4475,117,536],"class_list":{"0":"post-212003","1":"post","2":"type-post","3":"status-publish","4":"format-standard","5":"has-post-thumbnail","7":"category-saude","8":"tag-health","9":"tag-idosos","10":"tag-portugal","11":"tag-pt","12":"tag-qualidade-de-vida","13":"tag-saude","14":"tag-sono"},"share_on_mastodon":{"url":"https:\/\/pubeurope.com\/@pt\/115825937133854070","error":""},"_links":{"self":[{"href":"https:\/\/www.europesays.com\/pt\/wp-json\/wp\/v2\/posts\/212003","targetHints":{"allow":["GET"]}}],"collection":[{"href":"https:\/\/www.europesays.com\/pt\/wp-json\/wp\/v2\/posts"}],"about":[{"href":"https:\/\/www.europesays.com\/pt\/wp-json\/wp\/v2\/types\/post"}],"author":[{"embeddable":true,"href":"https:\/\/www.europesays.com\/pt\/wp-json\/wp\/v2\/users\/2"}],"replies":[{"embeddable":true,"href":"https:\/\/www.europesays.com\/pt\/wp-json\/wp\/v2\/comments?post=212003"}],"version-history":[{"count":0,"href":"https:\/\/www.europesays.com\/pt\/wp-json\/wp\/v2\/posts\/212003\/revisions"}],"wp:featuredmedia":[{"embeddable":true,"href":"https:\/\/www.europesays.com\/pt\/wp-json\/wp\/v2\/media\/212004"}],"wp:attachment":[{"href":"https:\/\/www.europesays.com\/pt\/wp-json\/wp\/v2\/media?parent=212003"}],"wp:term":[{"taxonomy":"category","embeddable":true,"href":"https:\/\/www.europesays.com\/pt\/wp-json\/wp\/v2\/categories?post=212003"},{"taxonomy":"post_tag","embeddable":true,"href":"https:\/\/www.europesays.com\/pt\/wp-json\/wp\/v2\/tags?post=212003"}],"curies":[{"name":"wp","href":"https:\/\/api.w.org\/{rel}","templated":true}]}}