{"id":212011,"date":"2026-01-02T14:27:08","date_gmt":"2026-01-02T14:27:08","guid":{"rendered":"https:\/\/www.europesays.com\/pt\/212011\/"},"modified":"2026-01-02T14:27:08","modified_gmt":"2026-01-02T14:27:08","slug":"globo-aprova-avenida-brasil-2-no-horario-nobre-em-2027-e-comeca-pre-producao-uol","status":"publish","type":"post","link":"https:\/\/www.europesays.com\/pt\/212011\/","title":{"rendered":"Globo aprova &#039;Avenida Brasil 2&#039; no hor\u00e1rio nobre em 2027 e come\u00e7a pr\u00e9-produ\u00e7\u00e3o &#8211; UOL"},"content":{"rendered":"<ol>\n<li><a href=\"https:\/\/news.google.com\/rss\/articles\/CBMi6wFBVV95cUxONE12YXhZcjI5U09LNTUyenJQMXc3TE9fZVhjdG5sUlFUMjVacWZTQ2VJdG9uS3JJOUJOOVlVeHk1bWxBc1VGX2tvanVhbHpIemxjeXk5dEo0cHJqZmRBYWJ2a1IyNVUyb0lySUVqZ3duVmtSUEdwN0xyaHlBUzlDWVVlWENMSEp6Ri1MUmR2dG84VG1hbUs2X3RiaTFnR2VaLURWQ2d5eGNVWWtNUjRIRERkc0dJV01SdzhOc3Y0dVlFUG1nNE1yX1Vqb0lSU3JfTzRJa3ZjU0tZZHZoeUlYVzFJeVluUm0wUHFZ0gHwAUFVX3lxTE1xQXV6LWFVWXZId1NHOWhZM0oxODA5aUNFa2Y2WU9xcFRMUUQxRmhFOHpFSWs5MWNzeDlQM3QwUkVzSEtqOXBqdE51dEJKRmpQUzA1UUU4WnkyNHhFQVBlem9FNUVZUE5nMUh0Q1hHSHJ4Y3czUVdiYXZldVZUZWt6aWI2dklkQnN3eWF0Y3Fhb3RNd2I2cTlUS2oxX0ExeV8yanBTTVA0VXhpN2Z4SDdVT3FDTk9yS0VYaWZrRGhfTzdtb1ZGREk3RTlteTlIQnlsT0x0MkVKWXFXVzJJUUlFSjBrRURQVF9FMFVTWTh3NA?oc=5\" target=\"_blank\" rel=\"nofollow noopener\">Globo aprova &#8216;Avenida Brasil 2&#8217; no hor\u00e1rio nobre em 2027 e come\u00e7a pr\u00e9-produ\u00e7\u00e3o<\/a>&nbsp;&nbsp;UOL<\/li>\n<li><a href=\"https:\/\/news.google.com\/rss\/articles\/CBMimAFBVV95cUxPbVdLZVhHcGo4OW5oOGd3dDlNdDBRekcyTTgyakUxQ3pCR1ZBbkIzOVVzejREbFJTODBYbERJTDFMV1JUamNTZW80RkZEbklOcjNmS0g3SzcxQklsUDlmdmtXVGQtWktXSUNGaV9JLWtNeFFwV0FEOWlqWWpDaHNwZ1VFV0w5UGRpTlg5NUVKakZHY2FQQnA5cw?oc=5\" target=\"_blank\" rel=\"nofollow noopener\">\u2018Avenida Brasil 2&#8242; ganha data de estreia na TV Globo<\/a>&nbsp;&nbsp;R\u00e1dio Itatiaia<\/li>\n<li><a href=\"https:\/\/news.google.com\/rss\/articles\/CBMisgFBVV95cUxPMklFcjFyd0NVRklBRnJ5ZFRlX1NrcWdDaHkyekJDN2JDSHc5RVY3a3RWa0w1dzN0U2p2VldXQ1F5dllKWll1N2pSNkZkcTA5R2RMc2F0TkFwTm1xR2FVUWZlR3IxdmdqSUFWWHVBeFZtRi1IZ1NvMkljTjhPTE9UeVdaa1lMTHlybVZfNm9sV1c0N2N0ZTJhbzcwS1ZMbjQ5VTZiaEdrRkJhZHcxQkNYdjNR?oc=5\" target=\"_blank\" rel=\"nofollow noopener\">Globo confirma &#8216;Avenida Brasil 2&#8217; no hor\u00e1rio nobre de 2027 e inicia pr\u00e9-produ\u00e7\u00e3o<\/a>&nbsp;&nbsp;Brasil 247<\/li>\n<li><a href=\"https:\/\/news.google.com\/rss\/articles\/CBMixwFBVV95cUxQNzBNZlJOLU9qS28yRVRnX1c3aHY5NHljZWZlTGVja3RuYmc3Q1ExMFFtMEpib3oxcGZYZVhSNmVmc21SaHlHNC1rblRYWjRPZmIxUDJTWDZvRVAyVHBBdTAzMWpXN0ZQSnU2TmRVOE9NbmVILWFIcE9WRXBTX2NtaVFfd0dYRDJYcFNXemtOUkVDaHBzYTFaRVZvUEtUcW84QlRfa1U3YVE3QVhWaVZqcklnMWcyYTVrZEZ0SHJKSXl1eG5iRXkw?oc=5\" target=\"_blank\" rel=\"nofollow noopener\">&#8220;Avenida Brasil 2&#8221;: Continua\u00e7\u00e3o da novela \u00e9 confirmada com Carminha de volta e elenco reformulado<\/a>&nbsp;&nbsp;papelpop<\/li>\n<li><a href=\"https:\/\/news.google.com\/rss\/articles\/CBMitAFBVV95cUxNREtPeVJtb0ZYRGQ5aXpKaV9kX253ZWRuM0Zvb3ZWeFcxOGdTN01SVVk1c1hJQ19INEZtQUlJSENZa1dTUnFLbEY2MEFvWktTOUdnbWZiWFg4ZlJYZ1I0MUFUNVRUamdsQ3p3bXFPV2xYXy1GWEt3eEdZb1NMaGxDNHNvbmtzNmtvT0ZlWGtpR1BtdzdXVDFLd3BnS0NaUEN6Y2lnZlFtcjA4Mk1yeGNpX0hJQzbSAbwBQVVfeXFMTWJhbXdiSEkzZmJJVVYwTTctN3pLSFRTMzF0RWtmRW1YWVQydHlZbTQ3TVdxTTlpNDFVSVRReFZBTmlIYXZsbjFmTDV1NzdheGFtNVFEdlRhWm9aczR3VjlaR0xmb1VKeWRRajVzSWNCSHdINUQ1Q3RqZUFVTERudkhFWnpraDRiX0piZEFEOVFxRGZvTEdJUV9HVHZ2OXh2Wkh0OFFJdXJxX044ZmU0Q1JMaGNiR2xBblhieFo?oc=5\" target=\"_blank\" rel=\"nofollow noopener\">Globo bate o martelo e aprova \u2018Avenida Brasil 2\u2019; saiba quando estreia &#8211; iBahia<\/a>&nbsp;&nbsp;iBahia<\/li>\n<\/ol>\n","protected":false},"excerpt":{"rendered":"Globo aprova &#8216;Avenida Brasil 2&#8217; no hor\u00e1rio nobre em 2027 e come\u00e7a pr\u00e9-produ\u00e7\u00e3o&nbsp;&nbsp;UOL \u2018Avenida Brasil 2&#8242; ganha data&hellip;\n","protected":false},"author":2,"featured_media":212012,"comment_status":"","ping_status":"","sticky":false,"template":"","format":"standard","meta":{"footnotes":""},"categories":[142],"tags":[3940,18415,219,211,223,114,115,224,225,226,753,221,220,222,2931,32,33,2566,218,228,151,227],"class_list":{"0":"post-212011","1":"post","2":"type-post","3":"status-publish","4":"format-standard","5":"has-post-thumbnail","7":"category-tv","8":"tag-adriana-esteves","9":"tag-avenida-brasil","10":"tag-bichos","11":"tag-celebridades","12":"tag-colunistas","13":"tag-entertainment","14":"tag-entretenimento","15":"tag-estranho","16":"tag-eu-amo","17":"tag-fofices","18":"tag-globo","19":"tag-horoscopo","20":"tag-humanos","21":"tag-humor","22":"tag-novela","23":"tag-portugal","24":"tag-pt","25":"tag-televiso","26":"tag-televisao","27":"tag-tudo","28":"tag-tv","29":"tag-videos"},"share_on_mastodon":{"url":"https:\/\/pubeurope.com\/@pt\/115825976567631439","error":""},"_links":{"self":[{"href":"https:\/\/www.europesays.com\/pt\/wp-json\/wp\/v2\/posts\/212011","targetHints":{"allow":["GET"]}}],"collection":[{"href":"https:\/\/www.europesays.com\/pt\/wp-json\/wp\/v2\/posts"}],"about":[{"href":"https:\/\/www.europesays.com\/pt\/wp-json\/wp\/v2\/types\/post"}],"author":[{"embeddable":true,"href":"https:\/\/www.europesays.com\/pt\/wp-json\/wp\/v2\/users\/2"}],"replies":[{"embeddable":true,"href":"https:\/\/www.europesays.com\/pt\/wp-json\/wp\/v2\/comments?post=212011"}],"version-history":[{"count":0,"href":"https:\/\/www.europesays.com\/pt\/wp-json\/wp\/v2\/posts\/212011\/revisions"}],"wp:featuredmedia":[{"embeddable":true,"href":"https:\/\/www.europesays.com\/pt\/wp-json\/wp\/v2\/media\/212012"}],"wp:attachment":[{"href":"https:\/\/www.europesays.com\/pt\/wp-json\/wp\/v2\/media?parent=212011"}],"wp:term":[{"taxonomy":"category","embeddable":true,"href":"https:\/\/www.europesays.com\/pt\/wp-json\/wp\/v2\/categories?post=212011"},{"taxonomy":"post_tag","embeddable":true,"href":"https:\/\/www.europesays.com\/pt\/wp-json\/wp\/v2\/tags?post=212011"}],"curies":[{"name":"wp","href":"https:\/\/api.w.org\/{rel}","templated":true}]}}