{"id":212048,"date":"2026-01-02T14:57:07","date_gmt":"2026-01-02T14:57:07","guid":{"rendered":"https:\/\/www.europesays.com\/pt\/212048\/"},"modified":"2026-01-02T14:57:07","modified_gmt":"2026-01-02T14:57:07","slug":"mulher-maravilha-atriz-de-vikings-quer-interpretar-heroina-na-dc-studios","status":"publish","type":"post","link":"https:\/\/www.europesays.com\/pt\/212048\/","title":{"rendered":"Mulher-Maravilha: Atriz de Vikings quer interpretar hero\u00edna na DC Studios"},"content":{"rendered":"<p class=\"wp-block-yoast-seo-estimated-reading-time yoast-reading-time__wrapper\">Estimated reading time: 2 minutos<\/p>\n<p>Com a suposta escala\u00e7\u00e3o da <a href=\"https:\/\/ovicio.com.br\/tag\/mulher-maravilha\" rel=\"nofollow noopener\" target=\"_blank\">Mulher-Maravilha<\/a> para o filme de <strong>Homem do Amanha (2027)<\/strong> em andamento, surge uma atriz interessada em interpretar a Princesa Amazona na <a href=\"https:\/\/ovicio.com.br\/tag\/dc-studios\" target=\"_blank\" rel=\"noreferrer noopener nofollow\">DC Studios.<\/a><\/p>\n<p>Em uma intera\u00e7\u00e3o recente nas redes sociais, um internauta disse o seguinte em uma das publica\u00e7\u00f5es da estrela de <a href=\"https:\/\/ovicio.com.br\/tag\/vikings-valhala\" target=\"_blank\" rel=\"noreferrer noopener nofollow\">Vikings: Valhala<\/a>, <strong>Frida Gustavsson<\/strong>: <strong>&#8220;Curta este coment\u00e1rio se voc\u00ea est\u00e1 interessada em interpretar a Mulher-Maravilha.&#8221;<\/strong><\/p>\n<p>N\u00e3o demorou muito para <strong>Gustavsson<\/strong> se pronunciar sobre a possibilidade, n\u00e3o escondendo seu interesse em se unir ao universo de super-her\u00f3is como Diana Prince, ao curtir o coment\u00e1rio do internauta.<\/p>\n<p>A atriz e modelo sueca de 32 anos tamb\u00e9m j\u00e1 participou de outros projetos menores como <strong>Faithless (2024)<\/strong> e <strong>Dampyr &#8211; O Filho do Vampiro (2022)<\/strong>.<\/p>\n<p>At\u00e9 o momento, n\u00e3o h\u00e1 uma confirma\u00e7\u00e3o formal de que a hero\u00edna realmente aparecer\u00e1 em <a href=\"https:\/\/ovicio.com.br\/tag\/homem-do-amanha\" target=\"_blank\" rel=\"noreferrer noopener nofollow\">Homem do Amanh\u00e3 (2027)<\/a>, embora a descri\u00e7\u00e3o de uma chamada de elenco sugira sua participa\u00e7\u00e3o no evento da <strong>Saga do Superman<\/strong>.<\/p>\n<p>O filme, dirigido e escrito por <a href=\"https:\/\/ovicio.com.br\/tag\/james-gunn\" target=\"_blank\" rel=\"noreferrer noopener nofollow\">James Gunn,<\/a> est\u00e1 atualmente em pr\u00e9-produ\u00e7\u00e3o, iniciando suas filmagens entre mar\u00e7o e abril de 2026. O lan\u00e7amento nos cinemas est\u00e1 marcado para <strong>8 de julho de 2026.<\/strong><\/p>\n<p>Leia mais sobre a Mulher-Maravilha:<\/p>\n<p>Em <strong>Homem do Amanh\u00e3 (2027)<\/strong>, <a href=\"https:\/\/ovicio.com.br\/filme\/superman\" target=\"_blank\" rel=\"noreferrer noopener nofollow\">Superman<\/a> (David Corenswet) e <strong>Lex Luthor<\/strong> (Nicholas Hoult) ter\u00e3o que deixar suas diferen\u00e7as de lado e unir for\u00e7as contra uma amea\u00e7a em grande escala, ao se verem diante de um enorme desafio.<\/p>\n<p>Sabemos que <strong>Brainiac<\/strong> ser\u00e1 o vil\u00e3o central do filme, e ser\u00e1 vivido por <strong>Lars Eidinger<\/strong>.<\/p>\n<p><strong>Fonte: <\/strong><a href=\"https:\/\/comicbookmovie.com\/wonder-woman\/vikings-valhalla-star-frida-gustavsson-confirms-interest-in-playing-the-dcus-wonder-woman-a225796\" target=\"_blank\" rel=\"noreferrer noopener nofollow\">Comic Book Movie<\/a>.<\/p>\n","protected":false},"excerpt":{"rendered":"Estimated reading time: 2 minutos Com a suposta escala\u00e7\u00e3o da Mulher-Maravilha para o filme de Homem do Amanha&hellip;\n","protected":false},"author":2,"featured_media":212049,"comment_status":"","ping_status":"","sticky":false,"template":"","format":"standard","meta":{"footnotes":""},"categories":[140],"tags":[7319,114,115,147,148,41529,16366,7320,146,5709,32,33,41530],"class_list":{"0":"post-212048","1":"post","2":"type-post","3":"status-publish","4":"format-standard","5":"has-post-thumbnail","7":"category-filmes","8":"tag-dc-studios","9":"tag-entertainment","10":"tag-entretenimento","11":"tag-film","12":"tag-filmes","13":"tag-frida-gustavsson","14":"tag-homem-do-amanha","15":"tag-james-gunn","16":"tag-movies","17":"tag-mulher-maravilha","18":"tag-portugal","19":"tag-pt","20":"tag-vikings-valhalla"},"share_on_mastodon":{"url":"https:\/\/pubeurope.com\/@pt\/115826094439766434","error":""},"_links":{"self":[{"href":"https:\/\/www.europesays.com\/pt\/wp-json\/wp\/v2\/posts\/212048","targetHints":{"allow":["GET"]}}],"collection":[{"href":"https:\/\/www.europesays.com\/pt\/wp-json\/wp\/v2\/posts"}],"about":[{"href":"https:\/\/www.europesays.com\/pt\/wp-json\/wp\/v2\/types\/post"}],"author":[{"embeddable":true,"href":"https:\/\/www.europesays.com\/pt\/wp-json\/wp\/v2\/users\/2"}],"replies":[{"embeddable":true,"href":"https:\/\/www.europesays.com\/pt\/wp-json\/wp\/v2\/comments?post=212048"}],"version-history":[{"count":0,"href":"https:\/\/www.europesays.com\/pt\/wp-json\/wp\/v2\/posts\/212048\/revisions"}],"wp:featuredmedia":[{"embeddable":true,"href":"https:\/\/www.europesays.com\/pt\/wp-json\/wp\/v2\/media\/212049"}],"wp:attachment":[{"href":"https:\/\/www.europesays.com\/pt\/wp-json\/wp\/v2\/media?parent=212048"}],"wp:term":[{"taxonomy":"category","embeddable":true,"href":"https:\/\/www.europesays.com\/pt\/wp-json\/wp\/v2\/categories?post=212048"},{"taxonomy":"post_tag","embeddable":true,"href":"https:\/\/www.europesays.com\/pt\/wp-json\/wp\/v2\/tags?post=212048"}],"curies":[{"name":"wp","href":"https:\/\/api.w.org\/{rel}","templated":true}]}}