{"id":212056,"date":"2026-01-02T15:03:18","date_gmt":"2026-01-02T15:03:18","guid":{"rendered":"https:\/\/www.europesays.com\/pt\/212056\/"},"modified":"2026-01-02T15:03:18","modified_gmt":"2026-01-02T15:03:18","slug":"incendio-em-bar-suica-declara-luto-nacional-enquanto-autoridades-tentam-identificar-vitimas","status":"publish","type":"post","link":"https:\/\/www.europesays.com\/pt\/212056\/","title":{"rendered":"Inc\u00eandio em bar. Su\u00ed\u00e7a declara luto nacional enquanto autoridades tentam identificar v\u00edtimas"},"content":{"rendered":"<p>                O presidente da Su\u00ed\u00e7a declarou cinco dias de luto nacional na sequ\u00eancia do inc\u00eandio que matou dezenas de pessoas num bar de uma est\u00e2ncia de esqui na passagem de ano. Esta sexta-feira, os investigadores come\u00e7aram a tentar identificar os corpos das cerca de 40 v\u00edtimas mortais.<\/p>\n<p><b>&#8220;Foi um drama de propor\u00e7\u00f5es desconhecidas&#8221;<\/b>, disse o presidente su\u00ed\u00e7o, Guy Parmelin, prestando homenagem \u00e0s muitas <b>&#8220;vidas jovens que foram perdidas e interrompidas&#8221;<\/b>. O chefe de Estado considerou este um dos epis\u00f3dios mais traum\u00e1ticos da hist\u00f3ria do pa\u00eds.<\/p>\n<p>As chamas deflagraram durante uma festa de ano novo na est\u00e2ncia de esqui su\u00ed\u00e7a de Crans-Montana. O evento decorria no bar Constellation, que tem capacidade para 300 pessoas no interior.<\/p>\n<p>Para al\u00e9m das quatro dezenas de mortos, registaram-se tamb\u00e9m mais de 100 feridos, muitos deles graves. N\u00e3o s\u00e3o ainda conhecidas as causas do inc\u00eandio, mas <b>algumas testemunhas afirmaram que tudo come\u00e7ou com dispositivos pirot\u00e9cnicos colocados em garrafas de champanhe<\/b>.<\/p>\n<p>Duas mulheres que ter\u00e3o estado no interior do bar contaram \u00e0 esta\u00e7\u00e3o francesa BFMTV que uma funcion\u00e1ria do bar estava \u00e0s cavalitas de um colega enquanto segurava <b>um bolo de anivers\u00e1rio cujas velas pegaram fogo ao teto de madeira<\/b>. Segundo estas testemunhas, as chamas espalharam-se rapidamente e fizeram o teto colapsar.<\/p>\n<p>As queimaduras sofridas pela multid\u00e3o, essencialmente composta por jovens e adolescentes, foram t\u00e3o graves que as autoridades su\u00ed\u00e7as afirmaram que <b>poderia levar dias ou semanas at\u00e9 que todas as v\u00edtimas do inc\u00eandio fossem identificadas<\/b>.<br \/>&#13;\n<\/p>\n<p>&#13;<br \/>\nN\u00e3o h\u00e1 indica\u00e7\u00e3o de portugueses entre as v\u00edtimas&#13;\n<\/p>\n<p>N\u00e3o \u00e9 certo o n\u00famero exato de pessoas que estava no interior do bar, cuja festa decorria na cave, quando se deu o inc\u00eandio. A pol\u00edcia tamb\u00e9m n\u00e3o adiantou o n\u00famero de desaparecidos.<\/p>\n<p>A procuradora-geral do cant\u00e3o de Valais, Beatrice Pilloud, avan\u00e7ou que foram mobilizados recursos significativos &#8220;para identificar as v\u00edtimas e devolver os seus corpos \u00e0s fam\u00edlias o mais r\u00e1pido poss\u00edvel&#8221;.<\/p>\n<p>Pilloud recusou ainda comentar os relatos de testemunhas sobre velas acesas que poder\u00e3o ter causado o inc\u00eandio. <b>&#8220;Est\u00e1 a ser realizada uma investiga\u00e7\u00e3o que identificar\u00e1 as circunst\u00e2ncias exatas do que aconteceu&#8221;<\/b>, frisou, acrescentando que ser\u00e1 verificado se o bar cumpria as normas de seguran\u00e7a e tinha o n\u00famero necess\u00e1rio de sa\u00eddas.<\/p>\n<p>Para j\u00e1, &#8220;o primeiro objetivo \u00e9 identificar todos os corpos&#8221;, disse por sua vez o presidente da C\u00e2mara de Crans-Montana, Nicolas Feraud, numa confer\u00eancia de imprensa na quinta-feira \u00e0 noite.\u00a0Segundo o embaixador italiano na Su\u00ed\u00e7a, falta apenas identificar cinco dos mais de 100 feridos.<\/p>\n<p>Mathias Reynard, chefe do Governo do cant\u00e3o de Valais, avan\u00e7ou que os especialistas est\u00e3o a usar amostras dent\u00e1rias e de ADN para a identifica\u00e7\u00e3o das v\u00edtimas. &#8220;Todo esse trabalho tem de ser feito, porque as informa\u00e7\u00f5es s\u00e3o t\u00e3o terr\u00edveis e sens\u00edveis que nada pode ser dito \u00e0s fam\u00edlias a menos que tenhamos 100 por cento de certeza&#8221;, explicou.<\/p>\n<p>Em resposta \u00e0 RTP, o secret\u00e1rio de Estado da Comunidades Portuguesas disse <b>n\u00e3o haver, at\u00e9 ao momento, informa\u00e7\u00e3o de portugueses entre as v\u00edtimas<\/b> desta trag\u00e9dia.<\/p>\n<p>It\u00e1lia e Fran\u00e7a est\u00e3o entre os pa\u00edses que afirmaram ter cidad\u00e3os desaparecidos, e o ministro italiano dos Neg\u00f3cios Estrangeiros, Antonio Tajani, visita Crans-Montana esta sexta-feira. A Austr\u00e1lia tamb\u00e9m informou que um dos seus cidad\u00e3os ficou ferido.<\/p>\n<p>c\/ ag\u00eancias&#13;<br \/>\n&#13;\n            <\/p>\n","protected":false},"excerpt":{"rendered":"O presidente da Su\u00ed\u00e7a declarou cinco dias de luto nacional na sequ\u00eancia do inc\u00eandio que matou dezenas de&hellip;\n","protected":false},"author":2,"featured_media":212057,"comment_status":"","ping_status":"","sticky":false,"template":"","format":"standard","meta":{"footnotes":""},"categories":[50],"tags":[27,28,38987,41531,15,16,14,625,25,26,21,22,62,12,13,19,20,23,24,5697,17,18,29,30,31,63,64,65],"class_list":{"0":"post-212056","1":"post","2":"type-post","3":"status-publish","4":"format-standard","5":"has-post-thumbnail","7":"category-mundo","8":"tag-breaking-news","9":"tag-breakingnews","10":"tag-esqui","11":"tag-estancia","12":"tag-featured-news","13":"tag-featurednews","14":"tag-headlines","15":"tag-incendio","16":"tag-latest-news","17":"tag-latestnews","18":"tag-main-news","19":"tag-mainnews","20":"tag-mundo","21":"tag-news","22":"tag-noticias","23":"tag-noticias-principais","24":"tag-noticiasprincipais","25":"tag-principais-noticias","26":"tag-principaisnoticias","27":"tag-suica","28":"tag-top-stories","29":"tag-topstories","30":"tag-ultimas","31":"tag-ultimas-noticias","32":"tag-ultimasnoticias","33":"tag-world","34":"tag-world-news","35":"tag-worldnews"},"share_on_mastodon":{"url":"https:\/\/pubeurope.com\/@pt\/115826118021261871","error":""},"_links":{"self":[{"href":"https:\/\/www.europesays.com\/pt\/wp-json\/wp\/v2\/posts\/212056","targetHints":{"allow":["GET"]}}],"collection":[{"href":"https:\/\/www.europesays.com\/pt\/wp-json\/wp\/v2\/posts"}],"about":[{"href":"https:\/\/www.europesays.com\/pt\/wp-json\/wp\/v2\/types\/post"}],"author":[{"embeddable":true,"href":"https:\/\/www.europesays.com\/pt\/wp-json\/wp\/v2\/users\/2"}],"replies":[{"embeddable":true,"href":"https:\/\/www.europesays.com\/pt\/wp-json\/wp\/v2\/comments?post=212056"}],"version-history":[{"count":0,"href":"https:\/\/www.europesays.com\/pt\/wp-json\/wp\/v2\/posts\/212056\/revisions"}],"wp:featuredmedia":[{"embeddable":true,"href":"https:\/\/www.europesays.com\/pt\/wp-json\/wp\/v2\/media\/212057"}],"wp:attachment":[{"href":"https:\/\/www.europesays.com\/pt\/wp-json\/wp\/v2\/media?parent=212056"}],"wp:term":[{"taxonomy":"category","embeddable":true,"href":"https:\/\/www.europesays.com\/pt\/wp-json\/wp\/v2\/categories?post=212056"},{"taxonomy":"post_tag","embeddable":true,"href":"https:\/\/www.europesays.com\/pt\/wp-json\/wp\/v2\/tags?post=212056"}],"curies":[{"name":"wp","href":"https:\/\/api.w.org\/{rel}","templated":true}]}}