{"id":212095,"date":"2026-01-02T15:45:11","date_gmt":"2026-01-02T15:45:11","guid":{"rendered":"https:\/\/www.europesays.com\/pt\/212095\/"},"modified":"2026-01-02T15:45:11","modified_gmt":"2026-01-02T15:45:11","slug":"kim-ju-ae-visita-mausoleu-e-fortalece-posicao-como-sucessora-na-coreia-do-norte","status":"publish","type":"post","link":"https:\/\/www.europesays.com\/pt\/212095\/","title":{"rendered":"Kim Ju-ae visita mausol\u00e9u e fortalece posi\u00e7\u00e3o como sucessora na Coreia do Norte"},"content":{"rendered":"<p>A filha do l\u00edder da Coreia do Norte fez a primeira visita ao mausol\u00e9u onde o av\u00f4 e o bisav\u00f4, ambos ex-l\u00edderes, est\u00e3o sepultados, avan\u00e7ou esta sexta-feira, 2 de janeiro, a imprensa estatal, consolidando a posi\u00e7\u00e3o como sucessora.<\/p>\n<p>De acordo com imagens divulgadas pela ag\u00eancia de not\u00edcias oficial norte-coreana KCNA, Kim Ju-ae e o pai, Kim Jong-un, visitaram o Pal\u00e1cio do Sol de Kumsusan, um vasto mausol\u00e9u no centro de Pyongyang, acompanhado por altos funcion\u00e1rios.<\/p>\n<p>A Coreia do Norte \u00e9 governada desde 1948 pela dinastia Kim, tamb\u00e9m conhecida como &#8216;linhagem Paektu&#8217;, assim designada em homenagem a uma montanha sagrada considerada o lend\u00e1rio ber\u00e7o do povo coreano e onde, segundo a propaganda norte-coreana, nasceu Kim Jong-il (av\u00f4 de Kim Ju-ae). Ele pr\u00f3prio sucedeu ao pai, Kim Il-sung, bisav\u00f4 de Kim Ju-ae.<\/p>\n<p>Os dois homens, apelidados de &#8220;l\u00edderes eternos&#8221; pela propaganda estatal, est\u00e3o sepultados no Pal\u00e1cio do Sol de Kumsusan.<\/p>\n<p>Kim Ju-ae, cuja idade n\u00e3o foi confirmada, foi vista ao lado do pai em diversas ocasi\u00f5es desde a primeira apari\u00e7\u00e3o p\u00fablica, em 2022.<\/p>\n<p>Os servi\u00e7os de informa\u00e7\u00e3o da vizinha Coreia do Sul acreditam que Kim Ju-ae poder\u00e1 um dia suceder a Kim Jong-un, marcando a quarta gera\u00e7\u00e3o a governar a \u00fanica dinastia comunista do mundo.<\/p>\n<p>Em 2024, os meios de comunica\u00e7\u00e3o estatais norte-coreanos referiram-se a Kim Ju-ae com o t\u00edtulo altamente honor\u00edfico de &#8216;hyangdo&#8217; (&#8220;conselheira s\u00e9nior&#8221; em coreano), um termo geralmente reservado ao l\u00edder ou ao sucessor.<\/p>\n<p>Antes de 2022, a \u00fanica confirma\u00e7\u00e3o da exist\u00eancia de Kim Ju-ae veio da antiga estrela de basquetebol Dennis Rodman, que afirmou ter conhecido uma filha de Kim Jong-un chamada Ju-ae durante uma visita \u00e0 Coreia do Norte, em 2013.<\/p>\n<p>O an\u00fancio da visita ao mausol\u00e9u acontece um dia depois da imprensa oficial ter divulgado uma mensagem de Ano Novo \u00e0s for\u00e7as armadas, em que Kim Jong-un elogiou as tropas que combatem em &#8220;solo estrangeiro&#8221; e fez alus\u00e3o \u00e0 alian\u00e7a com a R\u00fassia.<\/p>\n<p>&#8220;Enquanto todo o pa\u00eds est\u00e1 imerso numa atmosfera festiva para celebrar o Ano Novo, sinto ainda mais saudades de voc\u00eas, que lutam bravamente em campos de batalha em solo estrangeiro, mesmo agora, fi\u00e9is \u00e0 ordem da vossa p\u00e1tria&#8221;, disse Kim, citado pela ag\u00eancia de not\u00edcias oficial norte-coreana KCNA.<\/p>\n<p>&#8220;Pyongyang e Moscovo est\u00e3o convosco&#8221;, acrescentou.<\/p>\n<p>Segundo os servi\u00e7os de informa\u00e7\u00e3o sul-coreanos e ocidentais, Pyongyang enviou milhares de soldados para combater ao lado de Moscovo durante a invas\u00e3o da Ucr\u00e2nia, que come\u00e7ou h\u00e1 quase quatro anos.<\/p>\n<p>Em troca, a R\u00fassia envia \u00e0 Coreia do Norte ajuda financeira, tecnologia militar e fornecimentos de alimentos e energia, de acordo com analistas.<\/p>\n<p>Na sua mensagem, o l\u00edder norte-coreano felicitou os soldados por fortalecerem a &#8220;amizade e alian\u00e7a inquebr\u00e1vel&#8221; com a R\u00fassia, apelando a que lutem &#8220;pelo povo irm\u00e3o russo&#8221;.<\/p>\n","protected":false},"excerpt":{"rendered":"A filha do l\u00edder da Coreia do Norte fez a primeira visita ao mausol\u00e9u onde o av\u00f4 e&hellip;\n","protected":false},"author":2,"featured_media":212096,"comment_status":"","ping_status":"","sticky":false,"template":"","format":"standard","meta":{"footnotes":""},"categories":[50],"tags":[27,28,3459,15,16,14,40435,3899,25,26,21,22,62,12,13,19,20,23,24,17,18,29,30,31,63,64,65],"class_list":{"0":"post-212095","1":"post","2":"type-post","3":"status-publish","4":"format-standard","5":"has-post-thumbnail","7":"category-mundo","8":"tag-breaking-news","9":"tag-breakingnews","10":"tag-coreia-do-norte","11":"tag-featured-news","12":"tag-featurednews","13":"tag-headlines","14":"tag-kim-ju-ae","15":"tag-kim-jong-un","16":"tag-latest-news","17":"tag-latestnews","18":"tag-main-news","19":"tag-mainnews","20":"tag-mundo","21":"tag-news","22":"tag-noticias","23":"tag-noticias-principais","24":"tag-noticiasprincipais","25":"tag-principais-noticias","26":"tag-principaisnoticias","27":"tag-top-stories","28":"tag-topstories","29":"tag-ultimas","30":"tag-ultimas-noticias","31":"tag-ultimasnoticias","32":"tag-world","33":"tag-world-news","34":"tag-worldnews"},"share_on_mastodon":{"url":"https:\/\/pubeurope.com\/@pt\/115826283244802235","error":""},"_links":{"self":[{"href":"https:\/\/www.europesays.com\/pt\/wp-json\/wp\/v2\/posts\/212095","targetHints":{"allow":["GET"]}}],"collection":[{"href":"https:\/\/www.europesays.com\/pt\/wp-json\/wp\/v2\/posts"}],"about":[{"href":"https:\/\/www.europesays.com\/pt\/wp-json\/wp\/v2\/types\/post"}],"author":[{"embeddable":true,"href":"https:\/\/www.europesays.com\/pt\/wp-json\/wp\/v2\/users\/2"}],"replies":[{"embeddable":true,"href":"https:\/\/www.europesays.com\/pt\/wp-json\/wp\/v2\/comments?post=212095"}],"version-history":[{"count":0,"href":"https:\/\/www.europesays.com\/pt\/wp-json\/wp\/v2\/posts\/212095\/revisions"}],"wp:featuredmedia":[{"embeddable":true,"href":"https:\/\/www.europesays.com\/pt\/wp-json\/wp\/v2\/media\/212096"}],"wp:attachment":[{"href":"https:\/\/www.europesays.com\/pt\/wp-json\/wp\/v2\/media?parent=212095"}],"wp:term":[{"taxonomy":"category","embeddable":true,"href":"https:\/\/www.europesays.com\/pt\/wp-json\/wp\/v2\/categories?post=212095"},{"taxonomy":"post_tag","embeddable":true,"href":"https:\/\/www.europesays.com\/pt\/wp-json\/wp\/v2\/tags?post=212095"}],"curies":[{"name":"wp","href":"https:\/\/api.w.org\/{rel}","templated":true}]}}