{"id":212110,"date":"2026-01-02T15:57:11","date_gmt":"2026-01-02T15:57:11","guid":{"rendered":"https:\/\/www.europesays.com\/pt\/212110\/"},"modified":"2026-01-02T15:57:11","modified_gmt":"2026-01-02T15:57:11","slug":"familia-emociona-ao-passar-a-virada-com-o-pai-motorista","status":"publish","type":"post","link":"https:\/\/www.europesays.com\/pt\/212110\/","title":{"rendered":"Fam\u00edlia emociona ao passar a virada com o pai motorista"},"content":{"rendered":"<p>  <img class=\"content-first-image wp-image-2764534 size-full\" loading=\"eager\" decoding=\"sync\" fetchpriority=\"high\" src=\"https:\/\/www.europesays.com\/pt\/wp-content\/uploads\/2026\/01\/padrao-portal-nd-2026-01-02t115354890.jpg\" alt=\"V\u00cdDEO: Fam\u00edlia troca festa por \u00f4nibus e emociona ao passar a virada com o pai motorista\" width=\"1200\" height=\"630\"  \/>V\u00cdDEO: Fam\u00edlia troca festa por \u00f4nibus e emociona ao passar a virada com o pai motoristaFoto: Divulga\u00e7\u00e3o\/Redes sociais\/ND Mais<\/p>\n<p>Um motorista de \u00f4nibus que trabalhava na <a href=\"https:\/\/ndmais.com.br\/turismo\/ano-novo-2026-veja-como-foi-a-virada-nas-capitais\/\" rel=\"nofollow noopener\" target=\"_blank\">virada do ano<\/a>, em <a href=\"https:\/\/ndmais.com.br\/joinville\/\" rel=\"nofollow noopener\" target=\"_blank\">Joinville<\/a>, recebeu uma surpresa emocionante ao ser visitado pela esposa e pelos filhos durante o turno, na zona Sul da cidade.<\/p>\n<p>O registro foi feito em v\u00eddeo pela esposa do motorista. Nas imagens, ela aparece com os dois filhos, um menino e uma menina beb\u00ea de colo, aguardando no ponto de \u00f4nibus. Assim que o coletivo para, o motorista se surpreende ao ver a fam\u00edlia embarcando para passar alguns momentos ao lado dele durante o trabalho.<\/p>\n<p>\u201cPensou que ia passar a virada sozinho\u201d, diz a esposa enquanto grava a cena, que revela a rea\u00e7\u00e3o emocionada do trabalhador ao perceber a surpresa preparada pela fam\u00edlia.<\/p>\n<p><a class=\"cta-discover d-flex justify-content-between align-items-center w-100\" target=\"_blank\" rel=\"nofollow noopner noopener\" href=\"https:\/\/profile.google.com\/cp\/Cg0vZy8xMXZ5cjY4NHho\">   Fa\u00e7a como milh\u00f5es de leitores informados: siga o ND Mais no Google.  Seguir<\/a> Confira o v\u00eddeo da fam\u00edlia que foi passar a virada em \u00f4nibus<\/p>\n<p class=\"ndmais-content-video-caption\">O registro foi feito em v\u00eddeo pela esposa do motoristaV\u00eddeo: Divulga\u00e7\u00e3o\/Redes sociais\/ND Mais<\/p>\n","protected":false},"excerpt":{"rendered":"V\u00cdDEO: Fam\u00edlia troca festa por \u00f4nibus e emociona ao passar a virada com o pai motoristaFoto: Divulga\u00e7\u00e3o\/Redes sociais\/ND&hellip;\n","protected":false},"author":2,"featured_media":212111,"comment_status":"","ping_status":"","sticky":false,"template":"","format":"standard","meta":{"footnotes":""},"categories":[84],"tags":[109,107,108,1403,14021,1968,2250,32,33,105,103,104,106,110],"class_list":{"0":"post-212110","1":"post","2":"type-post","3":"status-publish","4":"format-standard","5":"has-post-thumbnail","7":"category-ciencia-e-tecnologia","8":"tag-ciencia","9":"tag-ciencia-e-tecnologia","10":"tag-cienciaetecnologia","11":"tag-comportamento","12":"tag-joinville","13":"tag-notcia","14":"tag-notcia-santa-catarina","15":"tag-portugal","16":"tag-pt","17":"tag-science","18":"tag-science-and-technology","19":"tag-scienceandtechnology","20":"tag-technology","21":"tag-tecnologia"},"share_on_mastodon":{"url":"https:\/\/pubeurope.com\/@pt\/115826330464018632","error":""},"_links":{"self":[{"href":"https:\/\/www.europesays.com\/pt\/wp-json\/wp\/v2\/posts\/212110","targetHints":{"allow":["GET"]}}],"collection":[{"href":"https:\/\/www.europesays.com\/pt\/wp-json\/wp\/v2\/posts"}],"about":[{"href":"https:\/\/www.europesays.com\/pt\/wp-json\/wp\/v2\/types\/post"}],"author":[{"embeddable":true,"href":"https:\/\/www.europesays.com\/pt\/wp-json\/wp\/v2\/users\/2"}],"replies":[{"embeddable":true,"href":"https:\/\/www.europesays.com\/pt\/wp-json\/wp\/v2\/comments?post=212110"}],"version-history":[{"count":0,"href":"https:\/\/www.europesays.com\/pt\/wp-json\/wp\/v2\/posts\/212110\/revisions"}],"wp:featuredmedia":[{"embeddable":true,"href":"https:\/\/www.europesays.com\/pt\/wp-json\/wp\/v2\/media\/212111"}],"wp:attachment":[{"href":"https:\/\/www.europesays.com\/pt\/wp-json\/wp\/v2\/media?parent=212110"}],"wp:term":[{"taxonomy":"category","embeddable":true,"href":"https:\/\/www.europesays.com\/pt\/wp-json\/wp\/v2\/categories?post=212110"},{"taxonomy":"post_tag","embeddable":true,"href":"https:\/\/www.europesays.com\/pt\/wp-json\/wp\/v2\/tags?post=212110"}],"curies":[{"name":"wp","href":"https:\/\/api.w.org\/{rel}","templated":true}]}}