{"id":212112,"date":"2026-01-02T15:58:09","date_gmt":"2026-01-02T15:58:09","guid":{"rendered":"https:\/\/www.europesays.com\/pt\/212112\/"},"modified":"2026-01-02T15:58:09","modified_gmt":"2026-01-02T15:58:09","slug":"orsted-vai-a-luta-nos-eua-por-projeto-eolico-edp-renovaveis-beneficia-da-garra-nordica-energia","status":"publish","type":"post","link":"https:\/\/www.europesays.com\/pt\/212112\/","title":{"rendered":"Orsted vai \u00e0 luta nos EUA por projeto e\u00f3lico, EDP Renov\u00e1veis beneficia da &#8220;garra&#8221; n\u00f3rdica &#8211; Energia"},"content":{"rendered":"<p class=\"\">&#13;<br \/>\n        A <b>empresa dinamarquesa de energias renov\u00e1veis Orsted interp\u00f4s uma a\u00e7\u00e3o judicial contra a administra\u00e7\u00e3o de Donald Trump<\/b> por causa da decis\u00e3o de suspender o Revolution Wind, um projeto de energia e\u00f3lica produzida com torres instaladas no mar (off-shore).\u00a0A Orsted anunciou, em comunicado, que vai pedir uma provid\u00eancia cautelar contra a decis\u00e3o administrativa dos EUA.&#13;\n    <\/p>\n<p class=\"\">&#13;<br \/>\n        &#8220;Tal como sucedeu com a ordem de suspens\u00e3o dos trabalhos emitida em agosto de 2025, o projeto Revolution Wind enfrenta preju\u00edzos significativos decorrentes da continua\u00e7\u00e3o da ordem da suspens\u00e3o. Nesse sentido, o recurso aos tribunais \u00e9 um passo necess\u00e1rio para proteger os direitos do projeto&#8221;, sublinha a Orsted. &#13;\n    <\/p>\n<p class=\"\">&#13;<br \/>\n        No dia 22 de dezembro, soube-se que o departamento do governo federal respons\u00e1vel pelos temas internos iria colocar em pausa cinco projetos de energias renov\u00e1veis na costa leste do pa\u00eds, citando riscos para a seguran\u00e7a nacional, mas sem prestar mais detalhes.&#13;\n    <\/p>\n<p class=\"\">&#13;<br \/>\n        J\u00e1 antes, em agosto de 2025, a administra\u00e7\u00e3o Trump tinha &#8220;cancelado&#8221; o projeto que junta a Orsted \u00e0 empresa Skyborn Renewables (que det\u00e9m 50% da joint-venture) \u2013 e que, em conjunto, j\u00e1 tinham investido cinco mil milh\u00f5es de d\u00f3lares no Revolution Wind. &#13;\n    <\/p>\n<p class=\"\">&#13;<br \/>\n        Em rea\u00e7\u00e3o \u00e0 not\u00edcia da a\u00e7\u00e3o judicial, \u00e0s 10:30 horas de Lisboa, <b>as a\u00e7\u00f5es da Orsted subiam 3,39% e contagiavam outras energ\u00e9ticas europeias que t\u00eam exposi\u00e7\u00e3o no mercado norte-americano<\/b>, incluindo a portuguesa EDP Renov\u00e1veis. A <b>energ\u00e9tica do grupo EDP subia 2,33%<\/b>, enquanto outras energ\u00e9ticas seguiram o mesmo caminho: o Elia Group valorizava 2,33% e a RWE saltava 2,08%.&#13;\n    <\/p>\n<p class=\"\">&#13;<br \/>\n        Em setembro, a EDP Renov\u00e1veis j\u00e1 tinha anunciado que poderia seguir um caminho semelhante, mostrando-se dispon\u00edvel para contestar em tribunal a inten\u00e7\u00e3o de o Governo de Donald Trump cancelar uma licen\u00e7a emitida para um projeto e\u00f3lico offshore, noticiou na altura o <a href=\"https:\/\/jornaleconomico.sapo.pt\/noticias\/edpr-garante-que-vai-lutar-pelos-seus-direitos-em-tribunal-americano\" target=\"_blank\" rel=\"tag nofollow noopener\">Jornal Econ\u00f3mico<\/a>. &#13;\n    <\/p>\n","protected":false},"excerpt":{"rendered":"&#13; A empresa dinamarquesa de energias renov\u00e1veis Orsted interp\u00f4s uma a\u00e7\u00e3o judicial contra a administra\u00e7\u00e3o de Donald Trump&hellip;\n","protected":false},"author":2,"featured_media":212113,"comment_status":"","ping_status":"","sticky":false,"template":"","format":"standard","meta":{"footnotes":""},"categories":[83],"tags":[88,92,89,40887,90,5040,235,797,32,33],"class_list":{"0":"post-212112","1":"post","2":"type-post","3":"status-publish","4":"format-standard","5":"has-post-thumbnail","7":"category-empresas","8":"tag-business","9":"tag-donald-trump","10":"tag-economy","11":"tag-edp-renovaveis","12":"tag-empresas","13":"tag-energia-eolica","14":"tag-estados-unidos","15":"tag-lisboa","16":"tag-portugal","17":"tag-pt"},"share_on_mastodon":{"url":"https:\/\/pubeurope.com\/@pt\/115826334362030276","error":""},"_links":{"self":[{"href":"https:\/\/www.europesays.com\/pt\/wp-json\/wp\/v2\/posts\/212112","targetHints":{"allow":["GET"]}}],"collection":[{"href":"https:\/\/www.europesays.com\/pt\/wp-json\/wp\/v2\/posts"}],"about":[{"href":"https:\/\/www.europesays.com\/pt\/wp-json\/wp\/v2\/types\/post"}],"author":[{"embeddable":true,"href":"https:\/\/www.europesays.com\/pt\/wp-json\/wp\/v2\/users\/2"}],"replies":[{"embeddable":true,"href":"https:\/\/www.europesays.com\/pt\/wp-json\/wp\/v2\/comments?post=212112"}],"version-history":[{"count":0,"href":"https:\/\/www.europesays.com\/pt\/wp-json\/wp\/v2\/posts\/212112\/revisions"}],"wp:featuredmedia":[{"embeddable":true,"href":"https:\/\/www.europesays.com\/pt\/wp-json\/wp\/v2\/media\/212113"}],"wp:attachment":[{"href":"https:\/\/www.europesays.com\/pt\/wp-json\/wp\/v2\/media?parent=212112"}],"wp:term":[{"taxonomy":"category","embeddable":true,"href":"https:\/\/www.europesays.com\/pt\/wp-json\/wp\/v2\/categories?post=212112"},{"taxonomy":"post_tag","embeddable":true,"href":"https:\/\/www.europesays.com\/pt\/wp-json\/wp\/v2\/tags?post=212112"}],"curies":[{"name":"wp","href":"https:\/\/api.w.org\/{rel}","templated":true}]}}