{"id":212114,"date":"2026-01-02T15:59:08","date_gmt":"2026-01-02T15:59:08","guid":{"rendered":"https:\/\/www.europesays.com\/pt\/212114\/"},"modified":"2026-01-02T15:59:08","modified_gmt":"2026-01-02T15:59:08","slug":"papa-leao-xiv-somente-o-senhor-jesus-nos-traz-a-verdadeira-paz","status":"publish","type":"post","link":"https:\/\/www.europesays.com\/pt\/212114\/","title":{"rendered":"Papa Le\u00e3o XIV: &#8220;somente o Senhor Jesus nos traz a verdadeira paz&#8221;"},"content":{"rendered":"<p>O Papa Le\u00e3o XIV enviou uma mensagem \u00e0s Confer\u00eancias SEEK26 que se realizam simultaneamente em Ohio, Texas e Colorado. Dirigindo-se aos jovens, lembra que o zelo mission\u00e1rio nasce do encontro aut\u00eantico com Cristo; uma alegria que \u00e9 imposs\u00edvel n\u00e3o partilhar.<\/p>\n<p style=\"text-align: justify;\"><b>Silvonei Jos\u00e9 \u2013 Vatican News<\/b><\/p>\n<p style=\"text-align: justify;\">O Papa Le\u00e3o XIV enviou uma mensagem em v\u00eddeo falando em ingl\u00eas aos muitos participantes do SEEK26, uma iniciativa que teve in\u00edcio nesta quinta-feira, 1\u00ba de janeiro, e que se concluir\u00e1 na segunda-feira, 5. O evento que se realiza simultaneamente em Columbus, Ohio, Fort Worth, Texas, e Denver, Colorado, re\u00fane milhares de cat\u00f3licos e \u00e9 marcado pela ora\u00e7\u00e3o, adora\u00e7\u00e3o, confer\u00eancias e celebra\u00e7\u00f5es.<\/p>\n<p style=\"text-align: justify;\">E o Papa inicia sua mensagem com uma pergunta: \u201ccaros jovens, o que voc\u00eas est\u00e3o buscando? Por que est\u00e3o aqui nesta confer\u00eancia?\u201d.<\/p>\n<p style=\"text-align: justify;\">As perguntas do Papa tocam o cora\u00e7\u00e3o de quem o ouve. S\u00e3o as palavras de Jesus dirigidas aos disc\u00edpulos que ainda hoje surpreendem e colocam em dificuldade. Perguntas que inquietam, que fazem refletir, que colocam em movimento.<\/p>\n<p style=\"text-align: justify;\">A resposta se encontra em uma pessoa. Somente o Senhor Jesus nos traz a verdadeira paz e alegria e realiza cada um dos nossos desejos mais profundos.<\/p>\n<p>O convite do Papa <\/p>\n<p style=\"text-align: justify;\">Le\u00e3o XIV convida os participantes a estarem \u201cabertos ao que o Senhor tem reservado\u201d para cada pessoa presente. As confer\u00eancias, sublinha, podem ser, de fato, uma ocasi\u00e3o para encontrar Cristo pela primeira vez ou para aprofundar a rela\u00e7\u00e3o com Ele. \u00c9 claro, por\u00e9m, que depois de conhec\u00ea-Lo tudo muda e, como os disc\u00edpulos, podemos dizer: \u201cEncontramos aquele que procur\u00e1vamos!\u201d, da\u00ed nasce a miss\u00e3o.<\/p>\n<p style=\"text-align: justify;\">O zelo mission\u00e1rio nasce de um encontro com Cristo. Desejamos compartilhar com os outros o que recebemos, para que tamb\u00e9m eles possam conhecer a plenitude do amor e da verdade que s\u00f3 se encontra nele.<\/p>\n<p>N\u00e3o tenham medo <\/p>\n<p style=\"text-align: justify;\">O Papa Le\u00e3o assegura, portanto, sua ora\u00e7\u00e3o para que se compartilhe a alegria do encontro aut\u00eantico com o Senhor e exorta os jovens, durante estes dias de amizade e adora\u00e7\u00e3o eucar\u00edstica, a n\u00e3o terem medo de perguntar o que Jesus espera deles, seja o sacerd\u00f3cio, a vida religiosa, o casamento, a vida familiar.<\/p>\n<p style=\"text-align: justify;\">Se sentirem que o Senhor os chama, n\u00e3o tenham medo. Mais uma vez, deixem-me sublinhar que s\u00f3 Ele conhece os desejos mais profundos, talvez ocultos, do vosso cora\u00e7\u00e3o e o caminho que vos conduzir\u00e1 \u00e0 verdadeira plenitude. Deixem-se conduzir e guiar por Ele!<\/p>\n<p style=\"text-align: justify;\">Por fim, o Pont\u00edfice confia \u00e0 Virgem as confer\u00eancias, iniciadas na solenidade de Maria, M\u00e3e de Deus, para que, atrav\u00e9s dela, cheguem a Jesus, ao seu amor, para encontrar a paz naquele que procuraram por muito tempo.<\/p>\n","protected":false},"excerpt":{"rendered":"O Papa Le\u00e3o XIV enviou uma mensagem \u00e0s Confer\u00eancias SEEK26 que se realizam simultaneamente em Ohio, Texas e&hellip;\n","protected":false},"author":2,"featured_media":212115,"comment_status":"","ping_status":"","sticky":false,"template":"","format":"standard","meta":{"footnotes":""},"categories":[50],"tags":[27,28,235,15,16,14,545,25,26,21,22,62,12,13,19,20,811,23,24,17,18,29,30,31,14879,63,64,65],"class_list":{"0":"post-212114","1":"post","2":"type-post","3":"status-publish","4":"format-standard","5":"has-post-thumbnail","7":"category-mundo","8":"tag-breaking-news","9":"tag-breakingnews","10":"tag-estados-unidos","11":"tag-featured-news","12":"tag-featurednews","13":"tag-headlines","14":"tag-igreja-catolica","15":"tag-latest-news","16":"tag-latestnews","17":"tag-main-news","18":"tag-mainnews","19":"tag-mundo","20":"tag-news","21":"tag-noticias","22":"tag-noticias-principais","23":"tag-noticiasprincipais","24":"tag-papa-leao-xiv","25":"tag-principais-noticias","26":"tag-principaisnoticias","27":"tag-top-stories","28":"tag-topstories","29":"tag-ultimas","30":"tag-ultimas-noticias","31":"tag-ultimasnoticias","32":"tag-videomensagem","33":"tag-world","34":"tag-world-news","35":"tag-worldnews"},"share_on_mastodon":{"url":"https:\/\/pubeurope.com\/@pt\/115826338325322187","error":""},"_links":{"self":[{"href":"https:\/\/www.europesays.com\/pt\/wp-json\/wp\/v2\/posts\/212114","targetHints":{"allow":["GET"]}}],"collection":[{"href":"https:\/\/www.europesays.com\/pt\/wp-json\/wp\/v2\/posts"}],"about":[{"href":"https:\/\/www.europesays.com\/pt\/wp-json\/wp\/v2\/types\/post"}],"author":[{"embeddable":true,"href":"https:\/\/www.europesays.com\/pt\/wp-json\/wp\/v2\/users\/2"}],"replies":[{"embeddable":true,"href":"https:\/\/www.europesays.com\/pt\/wp-json\/wp\/v2\/comments?post=212114"}],"version-history":[{"count":0,"href":"https:\/\/www.europesays.com\/pt\/wp-json\/wp\/v2\/posts\/212114\/revisions"}],"wp:featuredmedia":[{"embeddable":true,"href":"https:\/\/www.europesays.com\/pt\/wp-json\/wp\/v2\/media\/212115"}],"wp:attachment":[{"href":"https:\/\/www.europesays.com\/pt\/wp-json\/wp\/v2\/media?parent=212114"}],"wp:term":[{"taxonomy":"category","embeddable":true,"href":"https:\/\/www.europesays.com\/pt\/wp-json\/wp\/v2\/categories?post=212114"},{"taxonomy":"post_tag","embeddable":true,"href":"https:\/\/www.europesays.com\/pt\/wp-json\/wp\/v2\/tags?post=212114"}],"curies":[{"name":"wp","href":"https:\/\/api.w.org\/{rel}","templated":true}]}}