{"id":212120,"date":"2026-01-02T16:02:12","date_gmt":"2026-01-02T16:02:12","guid":{"rendered":"https:\/\/www.europesays.com\/pt\/212120\/"},"modified":"2026-01-02T16:02:12","modified_gmt":"2026-01-02T16:02:12","slug":"filha-de-tommy-lee-victoria-jones-e-encontrada-morta-em-hotel","status":"publish","type":"post","link":"https:\/\/www.europesays.com\/pt\/212120\/","title":{"rendered":"Filha de Tommy Lee, Victoria Jones, \u00e9 encontrada morta em hotel"},"content":{"rendered":"<p>Victoria Jones, de 34 anos, filha do ator Tommy Lee Jones, foi encontrada morta em um corredor do hotel de luxo Fairmont San Francisco, na Calif\u00f3rnia. O fato ocorreu na quinta-feira (1\/1), quando outro h\u00f3spede descobriu o corpo por volta das 3h da manh\u00e3 no hor\u00e1rio local.<\/p>\n<p>Equipes de emerg\u00eancia foram acionadas ao local, mas apenas constataram o \u00f3bito. A pol\u00edcia informou ao Daily Mail que n\u00e3o encontrou ind\u00edcios de crime ou sinais de viol\u00eancia. Tamb\u00e9m n\u00e3o foram localizados materiais relacionados ao uso de drogas nas proximidades. As autoridades descartaram preliminarmente a hip\u00f3tese de suic\u00eddio.<\/p>\n<p>Quem \u00e9 Victoria Jones<\/p>\n<p>Victoria era filha do segundo casamento de Tommy Lee Jones com Kimberlea Cloughley. Al\u00e9m dela, o ator \u00e9 pai de Austin, de 43 anos.<\/p>\n<p>Na adolesc\u00eancia, Victoria seguiu brevemente os passos do pai na carreira art\u00edstica. Ela participou de produ\u00e7\u00f5es como &#8220;MIB &#8211; Homens de Preto II&#8221; (2002) e &#8220;Os Tr\u00eas Enterros de Melquiades Estrada&#8221; (2005), filme dirigido pelo pr\u00f3prio Tommy Lee Jones.\u00a0Victoria tamb\u00e9m integrou o elenco da s\u00e9rie &#8220;One Tree Hill&#8221;.<\/p>\n<p>Nos \u00faltimos tempos, a atriz enfrentava problemas legais. Segundo o New York Post, ela foi detida tr\u00eas vezes no \u00faltimo ano. Em abril, foi presa no condado de Napa sob acusa\u00e7\u00f5es de obstru\u00e7\u00e3o a um agente da paz, estar sob influ\u00eancia de subst\u00e2ncia controlada e posse de narc\u00f3ticos.<\/p>\n<p>Em maio, Victoria voltou a ser detida no condado de Santa Cruz. Em junho, retornou ao sistema prisional em Napa, acusada de viol\u00eancia dom\u00e9stica e abuso contra idosos, sendo liberada mediante pagamento de fian\u00e7a. Os registros judiciais mostram que ela se declarou inocente nos dois casos ocorridos em Napa.<\/p>\n<p>O caso da morte segue sob investiga\u00e7\u00e3o policial em conjunto com o Instituto M\u00e9dico Legal de San Francisco, que trabalha para determinar a causa exata.<\/p>\n<p>Relembre carreira de Tommy Lee Jones<\/p>\n<p>Tommy Lee Jones construiu carreira de destaque em Hollywood, com atua\u00e7\u00f5es em produ\u00e7\u00f5es como a franquia &#8220;MIB: Homens de Preto&#8221;, &#8220;Onde os Fracos N\u00e3o T\u00eam Vez&#8221;, &#8220;JFK&#8221; e &#8220;Lincoln&#8221;. Em 1993, ele conquistou o Oscar de Melhor Ator Coadjuvante por sua performance em &#8220;O Fugitivo&#8221;.<\/p>\n","protected":false},"excerpt":{"rendered":"Victoria Jones, de 34 anos, filha do ator Tommy Lee Jones, foi encontrada morta em um corredor do&hellip;\n","protected":false},"author":2,"featured_media":212121,"comment_status":"","ping_status":"","sticky":false,"template":"","format":"standard","meta":{"footnotes":""},"categories":[145],"tags":[211,210,114,115,235,2595,4063,1437,32,33],"class_list":{"0":"post-212120","1":"post","2":"type-post","3":"status-publish","4":"format-standard","5":"has-post-thumbnail","7":"category-celebridades","8":"tag-celebridades","9":"tag-celebrities","10":"tag-entertainment","11":"tag-entretenimento","12":"tag-estados-unidos","13":"tag-hollywood","14":"tag-hotel","15":"tag-morte","16":"tag-portugal","17":"tag-pt"},"share_on_mastodon":{"url":"https:\/\/pubeurope.com\/@pt\/115826349979264765","error":""},"_links":{"self":[{"href":"https:\/\/www.europesays.com\/pt\/wp-json\/wp\/v2\/posts\/212120","targetHints":{"allow":["GET"]}}],"collection":[{"href":"https:\/\/www.europesays.com\/pt\/wp-json\/wp\/v2\/posts"}],"about":[{"href":"https:\/\/www.europesays.com\/pt\/wp-json\/wp\/v2\/types\/post"}],"author":[{"embeddable":true,"href":"https:\/\/www.europesays.com\/pt\/wp-json\/wp\/v2\/users\/2"}],"replies":[{"embeddable":true,"href":"https:\/\/www.europesays.com\/pt\/wp-json\/wp\/v2\/comments?post=212120"}],"version-history":[{"count":0,"href":"https:\/\/www.europesays.com\/pt\/wp-json\/wp\/v2\/posts\/212120\/revisions"}],"wp:featuredmedia":[{"embeddable":true,"href":"https:\/\/www.europesays.com\/pt\/wp-json\/wp\/v2\/media\/212121"}],"wp:attachment":[{"href":"https:\/\/www.europesays.com\/pt\/wp-json\/wp\/v2\/media?parent=212120"}],"wp:term":[{"taxonomy":"category","embeddable":true,"href":"https:\/\/www.europesays.com\/pt\/wp-json\/wp\/v2\/categories?post=212120"},{"taxonomy":"post_tag","embeddable":true,"href":"https:\/\/www.europesays.com\/pt\/wp-json\/wp\/v2\/tags?post=212120"}],"curies":[{"name":"wp","href":"https:\/\/api.w.org\/{rel}","templated":true}]}}