{"id":212127,"date":"2026-01-02T16:10:13","date_gmt":"2026-01-02T16:10:13","guid":{"rendered":"https:\/\/www.europesays.com\/pt\/212127\/"},"modified":"2026-01-02T16:10:13","modified_gmt":"2026-01-02T16:10:13","slug":"liliana-ainda-nao-tinha-saido-do-secret-story-e-ja-tinha-uma-mensagem-de-ze-o-conteudo-era-tudo-o-que-nao-esperava-dois-as-10","status":"publish","type":"post","link":"https:\/\/www.europesays.com\/pt\/212127\/","title":{"rendered":"Liliana ainda n\u00e3o tinha sa\u00eddo do \u00abSecret Story\u00bb e j\u00e1 tinha uma mensagem de Z\u00e9. O conte\u00fado era tudo o que n\u00e3o esperava &#8211; Dois \u00e0s 10"},"content":{"rendered":"<p>                        Ap\u00f3s ter alcan\u00e7ado o 3.\u00ba lugar no Secret Story 9, Liliana esteve no Dois \u00e0s 10 para a primeira entrevista ap\u00f3s a sa\u00edda da casa, onde falou de forma aberta sobre o fim do noivado com Z\u00e9, a exposi\u00e7\u00e3o medi\u00e1tica do ex-companheiro e as mensagens que recebeu depois da participa\u00e7\u00e3o no reality show.<\/p>\n<p data-end=\"470\" data-start=\"116\">Ap\u00f3s ter conquistado o 3.\u00ba lugar no Secret Story 9, Liliana esteve no Dois \u00e0s 10 para a primeira entrevista em televis\u00e3o desde a sa\u00edda da casa mais vigiada do pa\u00eds. Em conversa com Cristina Ferreira, a finalista falou abertamente sobre a sua participa\u00e7\u00e3o no reality show e sobre a pol\u00e9mica rutura com Z\u00e9, com quem mantinha uma rela\u00e7\u00e3o de quatro anos.<\/p>\n<p data-end=\"983\" data-start=\"472\">A presta\u00e7\u00e3o de Liliana ficou desde logo marcada pelo fim do noivado, anunciado pouco depois de entrar na casa, apesar de Z\u00e9 a ter pedido em casamento na gala de estreia. Questionada sobre essa decis\u00e3o, a ex-concorrente mostrou-se tranquila. <strong>\u00abSegui mesmo aquilo que senti no momento. Se as coisas at\u00e9 n\u00e3o funcionarem com o F\u00e1bio, eu senti mesmo aquilo, foi verdadeiro\u00bb<\/strong>, explicou, admitindo que n\u00e3o queria que tudo tivesse acontecido daquela forma. \u00abEu s\u00f3 pensava na minha fam\u00edlia e na fam\u00edlia dele\u00bb, acrescentou.<\/p>\n<p data-end=\"1351\" data-start=\"985\">Liliana revelou ainda ter ficado surpreendida com a proje\u00e7\u00e3o medi\u00e1tica alcan\u00e7ada pelo ex-noivo. <strong>\u00abJamais eu imaginava. Acreditei que pudesse ter algumas entrevistas, mas n\u00e3o este boom\u00bb, <\/strong>confessou, assumindo que, perante esse impacto, hoje se sente \u00abmenos culpada\u00bb. <strong>\u00abFico feliz por ele, por ter conseguido ultrapassar isso. J\u00e1 percebi que seguiu o seu caminho\u00bb,<\/strong> disse.<\/p>\n<p data-end=\"1591\" data-start=\"1353\">Sobre a possibilidade de falar com Z\u00e9, a resposta foi cautelosa. <strong>\u00ab\u00c9 dif\u00edcil responder a essa pergunta. H\u00e1 um lado que eu acho que merece um pedido de desculpas, mas ao mesmo tempo j\u00e1 percebi que ele ultrapassou, que j\u00e1 est\u00e1 bem\u00bb<\/strong>, afirmou.<\/p>\n<p data-end=\"2118\" data-start=\"1593\">Liliana comentou ainda as declara\u00e7\u00f5es feitas pelo ex-noivo ap\u00f3s o programa, considerando que ter\u00e3o sido uma forma de prote\u00e7\u00e3o. A finalista revelou tamb\u00e9m que Z\u00e9 lhe enviou mensagens enquanto ainda estava no jogo. <strong>\u00abEle mandou-me uma mensagem logo naquele dia, eram 20 horas da noite, eu ainda estava na casa. Disse-me para ter cuidado com aquilo que ia expor c\u00e1 fora e para pensar nele\u00bb,<\/strong> contou. Mais tarde, j\u00e1 depois da sua sa\u00edda, recebeu uma nova mensagem: <strong>\u00abParab\u00e9ns pelo 3.\u00ba lugar, muito sucesso, aproveita a vida c\u00e1 fora\u00bb.<\/strong><\/p>\n<p data-end=\"2470\" data-start=\"2120\">Cristina Ferreira reagiu em direto, resumindo o conte\u00fado das mensagens. <strong>\u00abNo fundo, primeiro disse-te: \u201cV\u00ea l\u00e1 o que dizes em rela\u00e7\u00e3o a n\u00f3s\u201d. E depois vieram os parab\u00e9ns\u00bb,<\/strong> comentou. Liliana admitiu ter ficado confusa com o tom da abordagem. <strong>\u00abUma amea\u00e7a, entre aspas. N\u00e3o lhe respondi nem tenho inten\u00e7\u00f5es de responder. N\u00e3o percebi a mensagem\u00bb<\/strong>, concluiu.<\/p>\n<p data-end=\"2632\" data-is-last-node=\"\" data-is-only-node=\"\" data-start=\"2472\">Uma conversa marcada pela franqueza, onde Liliana procurou explicar as suas decis\u00f5es e encerrar um dos cap\u00edtulos mais comentados desta edi\u00e7\u00e3o do Secret Story.<\/p>\n","protected":false},"excerpt":{"rendered":"Ap\u00f3s ter alcan\u00e7ado o 3.\u00ba lugar no Secret Story 9, Liliana esteve no Dois \u00e0s 10 para a&hellip;\n","protected":false},"author":2,"featured_media":212128,"comment_status":"","ping_status":"","sticky":false,"template":"","format":"standard","meta":{"footnotes":""},"categories":[85],"tags":[329,166,3412,3406,3409,801,3410,3411,3407,3408,114,115,19016,3413,338,32,33,1315,975],"class_list":{"0":"post-212127","1":"post","2":"type-post","3":"status-publish","4":"format-standard","5":"has-post-thumbnail","7":"category-entretenimento","8":"tag-claudio-ramos","9":"tag-cristina-ferreira","10":"tag-dois-10","11":"tag-dois-a-s-10-dois-a-s-10","12":"tag-dois-a-s-dez","13":"tag-dois-as-10","14":"tag-dois-as-dez","15":"tag-dois-dez","16":"tag-doisas10","17":"tag-doisasdez","18":"tag-entertainment","19":"tag-entretenimento","20":"tag-liliana","21":"tag-manha-tvi","22":"tag-maria-botelho-moniz","23":"tag-portugal","24":"tag-pt","25":"tag-secret-story","26":"tag-ze"},"share_on_mastodon":{"url":"https:\/\/pubeurope.com\/@pt\/115826381897792272","error":""},"_links":{"self":[{"href":"https:\/\/www.europesays.com\/pt\/wp-json\/wp\/v2\/posts\/212127","targetHints":{"allow":["GET"]}}],"collection":[{"href":"https:\/\/www.europesays.com\/pt\/wp-json\/wp\/v2\/posts"}],"about":[{"href":"https:\/\/www.europesays.com\/pt\/wp-json\/wp\/v2\/types\/post"}],"author":[{"embeddable":true,"href":"https:\/\/www.europesays.com\/pt\/wp-json\/wp\/v2\/users\/2"}],"replies":[{"embeddable":true,"href":"https:\/\/www.europesays.com\/pt\/wp-json\/wp\/v2\/comments?post=212127"}],"version-history":[{"count":0,"href":"https:\/\/www.europesays.com\/pt\/wp-json\/wp\/v2\/posts\/212127\/revisions"}],"wp:featuredmedia":[{"embeddable":true,"href":"https:\/\/www.europesays.com\/pt\/wp-json\/wp\/v2\/media\/212128"}],"wp:attachment":[{"href":"https:\/\/www.europesays.com\/pt\/wp-json\/wp\/v2\/media?parent=212127"}],"wp:term":[{"taxonomy":"category","embeddable":true,"href":"https:\/\/www.europesays.com\/pt\/wp-json\/wp\/v2\/categories?post=212127"},{"taxonomy":"post_tag","embeddable":true,"href":"https:\/\/www.europesays.com\/pt\/wp-json\/wp\/v2\/tags?post=212127"}],"curies":[{"name":"wp","href":"https:\/\/api.w.org\/{rel}","templated":true}]}}