{"id":212134,"date":"2026-01-02T16:14:13","date_gmt":"2026-01-02T16:14:13","guid":{"rendered":"https:\/\/www.europesays.com\/pt\/212134\/"},"modified":"2026-01-02T16:14:13","modified_gmt":"2026-01-02T16:14:13","slug":"acidente-na-via-rapida-resulta-em-dois-feridos","status":"publish","type":"post","link":"https:\/\/www.europesays.com\/pt\/212134\/","title":{"rendered":"Acidente na via r\u00e1pida resulta em dois feridos"},"content":{"rendered":"\n<p class=\"p_0\">Um acidente de via\u00e7\u00e3o, ocorrido ao in\u00edcio da madrugada desta sexta-feira, na via r\u00e1pida, resultou em dois feridos.<\/p>\n<p class=\"p_1\">O acidente aconteceu por volta das 00h30, quando um carro se ter\u00e1 despistado na zona da Boa Nova, \u00e0 sa\u00edda do t\u00fanel de Jo\u00e3o Gomes, antes do n\u00f3 da Pestana J\u00fanior, no sentido Este-Oeste [Machico-Ribeira Brava].<\/p>\n<p class=\"p_2\">Da ocorr\u00eancia resultaram duas v\u00edtimas, um homem e uma mulher, ambos na casa dos 20 anos. Segundo foi poss\u00edvel apurar, o homem apresentava uma hemorragia, controlada no local pelas equipas de socorro, e dores num ombro. J\u00e1 a mulher, que se ter\u00e1 deslocado pelos pr\u00f3prios meios para a Estrada Luso Brasileira, por baixo do viaduto, tinha queixas de dor na cervical e numa das pernas.<\/p>\n<p class=\"p_3\">No local estiveram os Bombeiros Volunt\u00e1rios Madeirenses, com uma ambul\u00e2ncia e uma equipa de desencarceramento, e a Cruz Vermelha Portuguesa, tamb\u00e9m com uma ambul\u00e2ncia.<\/p>\n","protected":false},"excerpt":{"rendered":"Um acidente de via\u00e7\u00e3o, ocorrido ao in\u00edcio da madrugada desta sexta-feira, na via r\u00e1pida, resultou em dois feridos.&hellip;\n","protected":false},"author":2,"featured_media":212135,"comment_status":"","ping_status":"","sticky":false,"template":"","format":"standard","meta":{"footnotes":""},"categories":[10],"tags":[27,28,15,16,14,25,26,21,22,12,13,19,20,32,23,24,33,1180,17,18,29,30,31],"class_list":{"0":"post-212134","1":"post","2":"type-post","3":"status-publish","4":"format-standard","5":"has-post-thumbnail","7":"category-portugal","8":"tag-breaking-news","9":"tag-breakingnews","10":"tag-featured-news","11":"tag-featurednews","12":"tag-headlines","13":"tag-latest-news","14":"tag-latestnews","15":"tag-main-news","16":"tag-mainnews","17":"tag-news","18":"tag-noticias","19":"tag-noticias-principais","20":"tag-noticiasprincipais","21":"tag-portugal","22":"tag-principais-noticias","23":"tag-principaisnoticias","24":"tag-pt","25":"tag-redacao","26":"tag-top-stories","27":"tag-topstories","28":"tag-ultimas","29":"tag-ultimas-noticias","30":"tag-ultimasnoticias"},"share_on_mastodon":{"url":"https:\/\/pubeurope.com\/@pt\/115826397310522280","error":""},"_links":{"self":[{"href":"https:\/\/www.europesays.com\/pt\/wp-json\/wp\/v2\/posts\/212134","targetHints":{"allow":["GET"]}}],"collection":[{"href":"https:\/\/www.europesays.com\/pt\/wp-json\/wp\/v2\/posts"}],"about":[{"href":"https:\/\/www.europesays.com\/pt\/wp-json\/wp\/v2\/types\/post"}],"author":[{"embeddable":true,"href":"https:\/\/www.europesays.com\/pt\/wp-json\/wp\/v2\/users\/2"}],"replies":[{"embeddable":true,"href":"https:\/\/www.europesays.com\/pt\/wp-json\/wp\/v2\/comments?post=212134"}],"version-history":[{"count":0,"href":"https:\/\/www.europesays.com\/pt\/wp-json\/wp\/v2\/posts\/212134\/revisions"}],"wp:featuredmedia":[{"embeddable":true,"href":"https:\/\/www.europesays.com\/pt\/wp-json\/wp\/v2\/media\/212135"}],"wp:attachment":[{"href":"https:\/\/www.europesays.com\/pt\/wp-json\/wp\/v2\/media?parent=212134"}],"wp:term":[{"taxonomy":"category","embeddable":true,"href":"https:\/\/www.europesays.com\/pt\/wp-json\/wp\/v2\/categories?post=212134"},{"taxonomy":"post_tag","embeddable":true,"href":"https:\/\/www.europesays.com\/pt\/wp-json\/wp\/v2\/tags?post=212134"}],"curies":[{"name":"wp","href":"https:\/\/api.w.org\/{rel}","templated":true}]}}