{"id":212160,"date":"2026-01-02T16:33:28","date_gmt":"2026-01-02T16:33:28","guid":{"rendered":"https:\/\/www.europesays.com\/pt\/212160\/"},"modified":"2026-01-02T16:33:28","modified_gmt":"2026-01-02T16:33:28","slug":"olha-ja-sou-o-melhor-amigo-do-ze-saiba-que-ex-concorrente-de-secret-story-disse-isto-a-liliana-oliveira","status":"publish","type":"post","link":"https:\/\/www.europesays.com\/pt\/212160\/","title":{"rendered":"&#8220;Olha, j\u00e1 sou o melhor amigo do Z\u00e9&#8221;: saiba que ex-concorrente de &#8220;Secret Story&#8221; disse isto&#8230; a Liliana Oliveira!"},"content":{"rendered":"<p>Um dia depois de ter sa\u00eddo de &#8220;Secret Story &#8211; Casa dos Segredos&#8221;, <a href=\"https:\/\/selfie.iol.pt\/famosos\/casa-dos-segredos\/fora-de-secret-story-liliana-oliveira-sofre-reviravolta-vou-comecar-do-zero\/20260102\/6957ca17d34e3caad84d0584\" target=\"_blank\" rel=\"nofollow noopener\">Liliana Oliveira<\/a> concedeu uma entrevista ao programa &#8220;Dois \u00e0s 10&#8221;. Numa conversa com Cl\u00e1udio Ramos e Cristina Ferreira, a finalista do reality show da TVI falou sobre alguns ex-concorrentes.<\/p>\n<p>Por exemplo, Liliana Oliveira contou uma frase que lhe foi dita por <a href=\"https:\/\/selfie.iol.pt\/famosos\/secret-story\/fora-de-secret-story-rui-fala-sobre-mariana-acredito\/20251027\/68ff38fad34ee0c2fed1b426\" target=\"_blank\" rel=\"nofollow noopener\">Rui Ribeiro<\/a>, logo depois de a jovem ter sa\u00eddo de &#8220;Secret Story&#8221;. &#8220;Olha, j\u00e1 sou o melhor amigo do Z\u00e9&#8221;, citou a jovem, que encarou esta atitude como uma farpa.<\/p>\n<p>&#8220;Quero a Bruna longe. Custa-me acreditar como p\u00f4de ter sido t\u00e3o m\u00e1. E o Bruno pediu desculpa \u00e0 minha m\u00e3e, mas, depois, cascou-me outra vez num programa&#8221;, considerou, ainda, Liliana Oliveira, sobre outros ex-concorrentes.<\/p>\n<p>Veja, agora, algumas das melhores imagens de Liliana Oliveira nas galerias de fotografias que prepar\u00e1mos para si.<\/p>\n","protected":false},"excerpt":{"rendered":"Um dia depois de ter sa\u00eddo de &#8220;Secret Story &#8211; Casa dos Segredos&#8221;, Liliana Oliveira concedeu uma entrevista&hellip;\n","protected":false},"author":2,"featured_media":212161,"comment_status":"","ping_status":"","sticky":false,"template":"","format":"standard","meta":{"footnotes":""},"categories":[142],"tags":[2632,114,115,980,24885,24883,619,32,33,1014,13004,1315,1012,151,162,975],"class_list":{"0":"post-212160","1":"post","2":"type-post","3":"status-publish","4":"format-standard","5":"has-post-thumbnail","7":"category-tv","8":"tag-casa-dos-segredos","9":"tag-entertainment","10":"tag-entretenimento","11":"tag-famosos","12":"tag-jose-andrade","13":"tag-liliana-oliveira","14":"tag-nacional","15":"tag-portugal","16":"tag-pt","17":"tag-reality-show","18":"tag-rui-ribeiro","19":"tag-secret-story","20":"tag-selfie","21":"tag-tv","22":"tag-tvi","23":"tag-ze"},"share_on_mastodon":{"url":"https:\/\/pubeurope.com\/@pt\/115826471876229123","error":""},"_links":{"self":[{"href":"https:\/\/www.europesays.com\/pt\/wp-json\/wp\/v2\/posts\/212160","targetHints":{"allow":["GET"]}}],"collection":[{"href":"https:\/\/www.europesays.com\/pt\/wp-json\/wp\/v2\/posts"}],"about":[{"href":"https:\/\/www.europesays.com\/pt\/wp-json\/wp\/v2\/types\/post"}],"author":[{"embeddable":true,"href":"https:\/\/www.europesays.com\/pt\/wp-json\/wp\/v2\/users\/2"}],"replies":[{"embeddable":true,"href":"https:\/\/www.europesays.com\/pt\/wp-json\/wp\/v2\/comments?post=212160"}],"version-history":[{"count":0,"href":"https:\/\/www.europesays.com\/pt\/wp-json\/wp\/v2\/posts\/212160\/revisions"}],"wp:featuredmedia":[{"embeddable":true,"href":"https:\/\/www.europesays.com\/pt\/wp-json\/wp\/v2\/media\/212161"}],"wp:attachment":[{"href":"https:\/\/www.europesays.com\/pt\/wp-json\/wp\/v2\/media?parent=212160"}],"wp:term":[{"taxonomy":"category","embeddable":true,"href":"https:\/\/www.europesays.com\/pt\/wp-json\/wp\/v2\/categories?post=212160"},{"taxonomy":"post_tag","embeddable":true,"href":"https:\/\/www.europesays.com\/pt\/wp-json\/wp\/v2\/tags?post=212160"}],"curies":[{"name":"wp","href":"https:\/\/api.w.org\/{rel}","templated":true}]}}