{"id":212164,"date":"2026-01-02T16:37:07","date_gmt":"2026-01-02T16:37:07","guid":{"rendered":"https:\/\/www.europesays.com\/pt\/212164\/"},"modified":"2026-01-02T16:37:07","modified_gmt":"2026-01-02T16:37:07","slug":"trend-nas-redes-sociais-raspar-os-cilios-pode-causar-lesoes-nos-olhos","status":"publish","type":"post","link":"https:\/\/www.europesays.com\/pt\/212164\/","title":{"rendered":"\u2018Trend\u2019 nas redes sociais, raspar os c\u00edlios pode causar les\u00f5es nos olhos"},"content":{"rendered":"<p data-component-name=\"paragraph\" class=\"styles__ParagraphStyled-sc-6adecn-0 gsLklW  \">Uma nova tend\u00eancia nas <a href=\"https:\/\/www.estadao.com.br\/tudo-sobre\/rede-social\" target=\"_blank\" rel=\"nofollow noopener\" title=\"https:\/\/www.estadao.com.br\/tudo-sobre\/rede-social\"><strong>redes sociais<\/strong><\/a>, principalmente no TikTok, mostra homens raspando completamente os c\u00edlios como um suposto s\u00edmbolo de masculinidade. A pr\u00e1tica, que ganhou repercuss\u00e3o em pa\u00edses como Estados Unidos e Reino Unido e alcan\u00e7ou milhares de visualiza\u00e7\u00f5es, agora come\u00e7a a circular tamb\u00e9m entre jovens brasileiros e preocupa especialistas em sa\u00fade ocular.<\/p>\n<p><img  loading=\"lazy\" class=\"lazy-load-img\"\/><\/p>\n<p>Tend\u00eancia disseminada nas redes sociais incentiva que homens raspem os c\u00edlios, o que preocupada oftalmologistas\u00a0Foto:  javiindy\/Adobe Stock <\/p>\n<p>O ato pode parecer inofensivo, mas traz uma s\u00e9rie de riscos. \u201cOs c\u00edlios n\u00e3o est\u00e3o ao redor dos olhos apenas por uma quest\u00e3o est\u00e9tica, eles exercem fun\u00e7\u00f5es essenciais para a prote\u00e7\u00e3o e o bom funcionamento da superf\u00edcie ocular\u201d, ressalta o <a href=\"https:\/\/www.estadao.com.br\/tudo-sobre\/oftalmologia\/\" target=\"_blank\" rel=\"nofollow noopener\" title=\"https:\/\/www.estadao.com.br\/tudo-sobre\/oftalmologia\/\"><strong>oftalmologista<\/strong><\/a> Lucas Zago Ribeiro, do Einstein Hospital Israelita em Goi\u00e2nia.<\/p>\n<p>Esses pequenos fios atuam como uma barreira f\u00edsica contra poeira, sujeira e micro-organismos, al\u00e9m de ajudarem na filtragem do ar e da radia\u00e7\u00e3o ultravioleta. Tamb\u00e9m s\u00e3o altamente sens\u00edveis e disparam o reflexo de piscar ao detectar algo se aproximando. Eles ainda contribuem para reduzir a evapora\u00e7\u00e3o da l\u00e1grima e evitar o ressecamento ocular.<\/p>\n<p data-component-name=\"paragraph\" class=\"styles__ParagraphStyled-sc-6adecn-0 gsLklW  \">Ao remov\u00ea-los desnecessariamente, todos esses mecanismos de prote\u00e7\u00e3o s\u00e3o comprometidos. O principal risco imediato \u00e9 a les\u00e3o de estruturas delicadas, como a c\u00f3rnea e a borda palpebral. \u201cO uso de l\u00e2minas ou objetos cortantes t\u00e3o pr\u00f3ximos aos olhos tamb\u00e9m pode causar ferimentos graves e dolorosos, com potencial de comprometer a vis\u00e3o\u201d, alerta Zago.<\/p>\n<p data-component-name=\"paragraph\" class=\"styles__ParagraphStyled-sc-6adecn-0 gsLklW  \">Al\u00e9m do risco de cortes, part\u00edculas dos pr\u00f3prios c\u00edlios podem cair sobre a superf\u00edcie ocular durante a raspagem, provocando irrita\u00e7\u00e3o, inflama\u00e7\u00e3o ou infec\u00e7\u00e3o. A aus\u00eancia prolongada dos fios tamb\u00e9m aumenta a exposi\u00e7\u00e3o a poeira, vento e micro-organismos, favorecendo quadros de blefarite (inflama\u00e7\u00e3o das p\u00e1lpebras), infec\u00e7\u00f5es recorrentes e ressecamento ocular cr\u00f4nico, que costuma causar sensa\u00e7\u00e3o de areia, coceira e vermelhid\u00e3o.<\/p>\n<p data-component-name=\"paragraph\" class=\"styles__ParagraphStyled-sc-6adecn-0 gsLklW  \">Cada olho tem entre 150 e 250 c\u00edlios, com crescimento m\u00e9dio de quatro a dez semanas ap\u00f3s o corte. Por\u00e9m, o trauma repetido pode danificar a raiz dos fios e causar falhas permanentes. \u201cQuando h\u00e1 dano direto \u00e0 borda palpebral, o c\u00edlio pode crescer mais fino, torto ou em menor quantidade\u201d, avisa o oftalmologista.<\/p>\n<p data-component-name=\"paragraph\" class=\"styles__ParagraphStyled-sc-6adecn-0 gsLklW  \">Outro problema comum \u00e9 o desequil\u00edbrio das gl\u00e2ndulas palpebrais, respons\u00e1veis pela produ\u00e7\u00e3o da camada oleosa da l\u00e1grima e que ajudam a evitar que a l\u00e1grima evapore r\u00e1pido demais. Quando a raspagem altera essa regi\u00e3o, o olho fica mais seco e exposto, o que pode intensificar o desconforto.<\/p>\n<p data-component-name=\"paragraph\" class=\"styles__ParagraphStyled-sc-6adecn-0 gsLklW  \">Caso algu\u00e9m j\u00e1 tenha raspado os c\u00edlios, Zago recomenda observar sinais de irrita\u00e7\u00e3o, ardor, incha\u00e7o, dor, vermelhid\u00e3o ou secre\u00e7\u00e3o ocular. \u00c9 essencial procurar avalia\u00e7\u00e3o oftalmol\u00f3gica, j\u00e1 que o uso de col\u00edrios lubrificantes pode aliviar o desconforto. Somente o especialista pode identificar se h\u00e1 infec\u00e7\u00e3o ou inflama\u00e7\u00e3o mais grave. <\/p>\n<p data-component-name=\"paragraph\" class=\"styles__ParagraphStyled-sc-6adecn-0 gsLklW  \">Embora ainda n\u00e3o existam estudos espec\u00edficos sobre a raspagem est\u00e9tica dos c\u00edlios, a literatura m\u00e9dica j\u00e1 descreve situa\u00e7\u00f5es em que eles s\u00e3o removidos por indica\u00e7\u00e3o terap\u00eautica, como em quadros de triqu\u00edase (crescimento invertido dos c\u00edlios) ou distiqu\u00edase (nascimento de fileiras extras). \u201cMesmo nesses casos, a remo\u00e7\u00e3o \u00e9 feita sob supervis\u00e3o m\u00e9dica e com t\u00e9cnicas especializadas. Fora desse contexto, o risco \u00e9 desnecess\u00e1rio\u201d, frisa o oftalmologista do Einstein Goi\u00e2nia.<\/p>\n<p data-component-name=\"paragraph\" class=\"styles__ParagraphStyled-sc-6adecn-0 gsLklW  \">Al\u00e9m dos impactos f\u00edsicos, o m\u00e9dico chama aten\u00e7\u00e3o para o papel das redes sociais na dissemina\u00e7\u00e3o desse tipo de comportamento. \u201cInfluenciadores com milh\u00f5es de seguidores precisam ter consci\u00eancia de que suas a\u00e7\u00f5es t\u00eam impacto. Quando divulgam pr\u00e1ticas sem base cient\u00edfica, podem induzir comportamentos perigosos, principalmente entre adolescentes que repetem o que veem por curiosidade ou est\u00e9tica\u201d, alerta Lucas Zago.<\/p>\n","protected":false},"excerpt":{"rendered":"Uma nova tend\u00eancia nas redes sociais, principalmente no TikTok, mostra homens raspando completamente os c\u00edlios como um suposto&hellip;\n","protected":false},"author":2,"featured_media":212165,"comment_status":"","ping_status":"","sticky":false,"template":"","format":"standard","meta":{"footnotes":""},"categories":[86],"tags":[12085,11809,5481,7360,3615,8581,41543,41544,41545,4189,4190,26981,7767,116,1101,22535,4319,11780,1107,1108,4197,1113,32,33,41546,117,5512,7383,21111,39291],"class_list":{"0":"post-212164","1":"post","2":"type-post","3":"status-publish","4":"format-standard","5":"has-post-thumbnail","7":"category-saude","8":"tag-adult","9":"tag-beautiful","10":"tag-beauty","11":"tag-close","12":"tag-close-up","13":"tag-closeup","14":"tag-eyeball","15":"tag-eyebrow","16":"tag-eyelashes","17":"tag-eyes","18":"tag-face","19":"tag-focus","20":"tag-green","21":"tag-health","22":"tag-human","23":"tag-iris","24":"tag-look","25":"tag-macro","26":"tag-male","27":"tag-man","28":"tag-men","29":"tag-person","30":"tag-portugal","31":"tag-pt","32":"tag-pupil","33":"tag-saude","34":"tag-skin","35":"tag-up","36":"tag-view","37":"tag-vision"},"share_on_mastodon":{"url":"https:\/\/pubeurope.com\/@pt\/115826488019653770","error":""},"_links":{"self":[{"href":"https:\/\/www.europesays.com\/pt\/wp-json\/wp\/v2\/posts\/212164","targetHints":{"allow":["GET"]}}],"collection":[{"href":"https:\/\/www.europesays.com\/pt\/wp-json\/wp\/v2\/posts"}],"about":[{"href":"https:\/\/www.europesays.com\/pt\/wp-json\/wp\/v2\/types\/post"}],"author":[{"embeddable":true,"href":"https:\/\/www.europesays.com\/pt\/wp-json\/wp\/v2\/users\/2"}],"replies":[{"embeddable":true,"href":"https:\/\/www.europesays.com\/pt\/wp-json\/wp\/v2\/comments?post=212164"}],"version-history":[{"count":0,"href":"https:\/\/www.europesays.com\/pt\/wp-json\/wp\/v2\/posts\/212164\/revisions"}],"wp:featuredmedia":[{"embeddable":true,"href":"https:\/\/www.europesays.com\/pt\/wp-json\/wp\/v2\/media\/212165"}],"wp:attachment":[{"href":"https:\/\/www.europesays.com\/pt\/wp-json\/wp\/v2\/media?parent=212164"}],"wp:term":[{"taxonomy":"category","embeddable":true,"href":"https:\/\/www.europesays.com\/pt\/wp-json\/wp\/v2\/categories?post=212164"},{"taxonomy":"post_tag","embeddable":true,"href":"https:\/\/www.europesays.com\/pt\/wp-json\/wp\/v2\/tags?post=212164"}],"curies":[{"name":"wp","href":"https:\/\/api.w.org\/{rel}","templated":true}]}}