{"id":212168,"date":"2026-01-02T16:39:15","date_gmt":"2026-01-02T16:39:15","guid":{"rendered":"https:\/\/www.europesays.com\/pt\/212168\/"},"modified":"2026-01-02T16:39:15","modified_gmt":"2026-01-02T16:39:15","slug":"nova-expansao-de-the-witcher-3-foi-confirmada-pela-cd-projekt-red-diz-site","status":"publish","type":"post","link":"https:\/\/www.europesays.com\/pt\/212168\/","title":{"rendered":"Nova expans\u00e3o de The Witcher 3 foi confirmada pela CD Projekt RED, diz site"},"content":{"rendered":"<p class=\"wp-block-yoast-seo-estimated-reading-time yoast-reading-time__wrapper\">Estimated reading time: 1 minuto<\/p>\n<p>De acordo com o site Eurogamer, a suposta nova expans\u00e3o de <a href=\"https:\/\/ovicio.com.br\/jogo\/the-witcher-3-wild-hunt\/\" rel=\"nofollow noopener\" target=\"_blank\">The Witcher 3<\/a>, que deve ser lan\u00e7ada em maio de 2026, foi confirmada pela pr\u00f3pria CD Projekt RED em seu relat\u00f3rio financeiro. Acontece que o site trocou alguns emails com Borys Nie\u015bpielak, fonte original da not\u00edcia, que n\u00e3o apenas confirmou a informa\u00e7\u00e3o, como disse que ela est\u00e1 dentro da transcri\u00e7\u00e3o da reuni\u00e3o da CD Projekt RED com seus investidores.<\/p>\n<p>De acordo com Borys, a CD Projekt Red disse o seguinte na chamada:<\/p>\n<blockquote class=\"wp-block-quote is-layout-flow wp-block-quote-is-layout-flow\">\n<p><strong>&#8220;Dado o nosso progresso atual, existe a chance de que novos conte\u00fados, sugeridos em confer\u00eancias e relat\u00f3rios recentes, sejam lan\u00e7ados no pr\u00f3ximo ano, impactando nossos resultados e aumentando a probabilidade de atingir a condi\u00e7\u00e3o de ganhos para a primeira etapa do programa de incentivo.&#8221;<\/strong><\/p>\n<p>Por enquanto, ainda n\u00e3o h\u00e1 um an\u00fancio, trailer ou declara\u00e7\u00e3o p\u00fablica da CD Projekt RED sobre tal conte\u00fado. Assim, vamos aguardar qualquer nova informa\u00e7\u00e3o.<\/p>\n<p>Leia mais sobre The Witcher IV:<\/p><\/blockquote>\n<p>Fonte: <a href=\"https:\/\/www.eurogamer.net\/is-there-really-going-to-be-a-2026-witcher-3-expansion\" rel=\"nofollow noopener\" target=\"_blank\">Eurogamer<\/a><\/p>\n","protected":false},"excerpt":{"rendered":"Estimated reading time: 1 minuto De acordo com o site Eurogamer, a suposta nova expans\u00e3o de The Witcher&hellip;\n","protected":false},"author":2,"featured_media":212169,"comment_status":"","ping_status":"","sticky":false,"template":"","format":"standard","meta":{"footnotes":""},"categories":[84],"tags":[40878,109,107,108,32,33,105,103,104,106,110,41547],"class_list":{"0":"post-212168","1":"post","2":"type-post","3":"status-publish","4":"format-standard","5":"has-post-thumbnail","7":"category-ciencia-e-tecnologia","8":"tag-cd-projekt-red","9":"tag-ciencia","10":"tag-ciencia-e-tecnologia","11":"tag-cienciaetecnologia","12":"tag-portugal","13":"tag-pt","14":"tag-science","15":"tag-science-and-technology","16":"tag-scienceandtechnology","17":"tag-technology","18":"tag-tecnologia","19":"tag-the-witcher-3"},"share_on_mastodon":{"url":"https:\/\/pubeurope.com\/@pt\/115826495596029555","error":""},"_links":{"self":[{"href":"https:\/\/www.europesays.com\/pt\/wp-json\/wp\/v2\/posts\/212168","targetHints":{"allow":["GET"]}}],"collection":[{"href":"https:\/\/www.europesays.com\/pt\/wp-json\/wp\/v2\/posts"}],"about":[{"href":"https:\/\/www.europesays.com\/pt\/wp-json\/wp\/v2\/types\/post"}],"author":[{"embeddable":true,"href":"https:\/\/www.europesays.com\/pt\/wp-json\/wp\/v2\/users\/2"}],"replies":[{"embeddable":true,"href":"https:\/\/www.europesays.com\/pt\/wp-json\/wp\/v2\/comments?post=212168"}],"version-history":[{"count":0,"href":"https:\/\/www.europesays.com\/pt\/wp-json\/wp\/v2\/posts\/212168\/revisions"}],"wp:featuredmedia":[{"embeddable":true,"href":"https:\/\/www.europesays.com\/pt\/wp-json\/wp\/v2\/media\/212169"}],"wp:attachment":[{"href":"https:\/\/www.europesays.com\/pt\/wp-json\/wp\/v2\/media?parent=212168"}],"wp:term":[{"taxonomy":"category","embeddable":true,"href":"https:\/\/www.europesays.com\/pt\/wp-json\/wp\/v2\/categories?post=212168"},{"taxonomy":"post_tag","embeddable":true,"href":"https:\/\/www.europesays.com\/pt\/wp-json\/wp\/v2\/tags?post=212168"}],"curies":[{"name":"wp","href":"https:\/\/api.w.org\/{rel}","templated":true}]}}