{"id":212180,"date":"2026-01-02T16:47:23","date_gmt":"2026-01-02T16:47:23","guid":{"rendered":"https:\/\/www.europesays.com\/pt\/212180\/"},"modified":"2026-01-02T16:47:23","modified_gmt":"2026-01-02T16:47:23","slug":"fora-de-secret-story-liliana-oliveira-sofre-reviravolta-vou-comecar-do-zero","status":"publish","type":"post","link":"https:\/\/www.europesays.com\/pt\/212180\/","title":{"rendered":"Fora de &#8220;Secret Story&#8221;, Liliana Oliveira sofre reviravolta: &#8220;Vou come\u00e7ar do zero&#8221;"},"content":{"rendered":"<p>Um dia depois de ter sa\u00eddo de &#8220;Secret Story &#8211; Casa dos Segredos&#8221;, <a href=\"https:\/\/selfie.iol.pt\/famosos\/casa-dos-segredos\/fabio-pereira-ja-conhece-os-pais-de-liliana-oliveira-e-foi-isto-o-que-aconteceu\/20260102\/6957c68bd34e3caad84d0547\" target=\"_blank\" rel=\"nofollow noopener\">Liliana Oliveira<\/a> concedeu uma entrevista ao programa &#8220;Dois \u00e0s 10&#8221;. Numa conversa com Cl\u00e1udio Ramos e Cristina Ferreira, a finalista do reality show da TVI contou que passou por uma reviravolta: Liliana Oliveira ficou sem a respetiva conta no Instagram.<\/p>\n<p>&#8220;Vai ser imposs\u00edvel recuperar, vou come\u00e7ar do zero&#8221;, come\u00e7ou por afirmar a jovem, antes de acrescentar: &#8220;Deitaram abaixo e deixei muita coisa nas m\u00e3os de outra pessoa&#8230;&#8221;<\/p>\n<p>Veja, agora, algumas das melhores imagens de Liliana Oliveira nas galerias de fotografias que prepar\u00e1mos para si.<\/p>\n","protected":false},"excerpt":{"rendered":"Um dia depois de ter sa\u00eddo de &#8220;Secret Story &#8211; Casa dos Segredos&#8221;, Liliana Oliveira concedeu uma entrevista&hellip;\n","protected":false},"author":2,"featured_media":72903,"comment_status":"","ping_status":"","sticky":false,"template":"","format":"standard","meta":{"footnotes":""},"categories":[142],"tags":[2632,114,115,980,24883,619,32,33,1014,1315,1012,151,162],"class_list":{"0":"post-212180","1":"post","2":"type-post","3":"status-publish","4":"format-standard","5":"has-post-thumbnail","7":"category-tv","8":"tag-casa-dos-segredos","9":"tag-entertainment","10":"tag-entretenimento","11":"tag-famosos","12":"tag-liliana-oliveira","13":"tag-nacional","14":"tag-portugal","15":"tag-pt","16":"tag-reality-show","17":"tag-secret-story","18":"tag-selfie","19":"tag-tv","20":"tag-tvi"},"share_on_mastodon":{"url":"https:\/\/pubeurope.com\/@pt\/115826526971650857","error":""},"_links":{"self":[{"href":"https:\/\/www.europesays.com\/pt\/wp-json\/wp\/v2\/posts\/212180","targetHints":{"allow":["GET"]}}],"collection":[{"href":"https:\/\/www.europesays.com\/pt\/wp-json\/wp\/v2\/posts"}],"about":[{"href":"https:\/\/www.europesays.com\/pt\/wp-json\/wp\/v2\/types\/post"}],"author":[{"embeddable":true,"href":"https:\/\/www.europesays.com\/pt\/wp-json\/wp\/v2\/users\/2"}],"replies":[{"embeddable":true,"href":"https:\/\/www.europesays.com\/pt\/wp-json\/wp\/v2\/comments?post=212180"}],"version-history":[{"count":0,"href":"https:\/\/www.europesays.com\/pt\/wp-json\/wp\/v2\/posts\/212180\/revisions"}],"wp:featuredmedia":[{"embeddable":true,"href":"https:\/\/www.europesays.com\/pt\/wp-json\/wp\/v2\/media\/72903"}],"wp:attachment":[{"href":"https:\/\/www.europesays.com\/pt\/wp-json\/wp\/v2\/media?parent=212180"}],"wp:term":[{"taxonomy":"category","embeddable":true,"href":"https:\/\/www.europesays.com\/pt\/wp-json\/wp\/v2\/categories?post=212180"},{"taxonomy":"post_tag","embeddable":true,"href":"https:\/\/www.europesays.com\/pt\/wp-json\/wp\/v2\/tags?post=212180"}],"curies":[{"name":"wp","href":"https:\/\/api.w.org\/{rel}","templated":true}]}}