{"id":21219,"date":"2025-08-08T14:35:07","date_gmt":"2025-08-08T14:35:07","guid":{"rendered":"https:\/\/www.europesays.com\/pt\/21219\/"},"modified":"2025-08-08T14:35:07","modified_gmt":"2025-08-08T14:35:07","slug":"newcastle-pondera-avancar-para-a-contratacao-de-samu-aghehowa","status":"publish","type":"post","link":"https:\/\/www.europesays.com\/pt\/21219\/","title":{"rendered":"Newcastle pondera avan\u00e7ar para a contrata\u00e7\u00e3o de Samu Aghehowa"},"content":{"rendered":"<p><strong>O Newcastle est\u00e1 interessado em Samu Aghehowa. Emblema da Premier League pondera avan\u00e7ar pelo jogador do FC Porto.<\/strong><\/p>\n<p>O Newcastle considera avan\u00e7ar para a contrata\u00e7\u00e3o de Samu Aghehowa ao FC Porto, garante o The Athletic. A mesma fonte refere que o avan\u00e7ado espanhol \u00e9 uma das principais op\u00e7\u00f5es do emblema da Premier League neste mercado de ver\u00e3o ap\u00f3s <a href=\"https:\/\/bolanarede.pt\/especial-bola-na-rede\/atualidade\/benjamin-sesko-ja-esta-em-inglaterra-para-reforcar-manchester-united-de-ruben-amorim\/\" target=\"_blank\" rel=\"noreferrer noopener nofollow\">falhar sobretudo Benjamin Sesko.<\/a><\/p>\n<p>\u00abO Newcastle ainda n\u00e3o fez uma proposta formal e n\u00e3o h\u00e1 garantias de que a transfer\u00eancia venha a acontecer, mas Aghehowa \u00e9 um jogador apreciado pelo Newcastle\u00bb, escreve o The Athletic sobre o interesse dos magpies em<a href=\"https:\/\/bolanarede.pt\/etiqueta\/samu-aghehowa\/\" target=\"_blank\" rel=\"noreferrer noopener nofollow\"> Samu Aghehowa<\/a>, avan\u00e7ado do FC Porto.<\/p>\n<p>Yoane Wissa (Brentford) e Jorgen Strand Larssen (Wolverhampton) s\u00e3o outras op\u00e7\u00f5es para o Newcastle, apesar de o Wolves de V\u00edtor Pereira fechar a porta a uma sa\u00edda do avan\u00e7ado. O emblema da Premier League continua numa busca para refor\u00e7ar a frente de ataque para a pr\u00f3xima temporada.<\/p>\n","protected":false},"excerpt":{"rendered":"O Newcastle est\u00e1 interessado em Samu Aghehowa. Emblema da Premier League pondera avan\u00e7ar pelo jogador do FC Porto.&hellip;\n","protected":false},"author":2,"featured_media":21220,"comment_status":"","ping_status":"","sticky":false,"template":"","format":"standard","meta":{"footnotes":""},"categories":[87],"tags":[260,135,478,282,2318,32,666,33,4424,134],"class_list":{"0":"post-21219","1":"post","2":"type-post","3":"status-publish","4":"format-standard","5":"has-post-thumbnail","7":"category-desporto","8":"tag-atualidade","9":"tag-desporto","10":"tag-destaques-bnr","11":"tag-fc-porto","12":"tag-newcastle","13":"tag-portugal","14":"tag-premier-league","15":"tag-pt","16":"tag-samu-aghehowa","17":"tag-sports"},"share_on_mastodon":{"url":"","error":""},"_links":{"self":[{"href":"https:\/\/www.europesays.com\/pt\/wp-json\/wp\/v2\/posts\/21219","targetHints":{"allow":["GET"]}}],"collection":[{"href":"https:\/\/www.europesays.com\/pt\/wp-json\/wp\/v2\/posts"}],"about":[{"href":"https:\/\/www.europesays.com\/pt\/wp-json\/wp\/v2\/types\/post"}],"author":[{"embeddable":true,"href":"https:\/\/www.europesays.com\/pt\/wp-json\/wp\/v2\/users\/2"}],"replies":[{"embeddable":true,"href":"https:\/\/www.europesays.com\/pt\/wp-json\/wp\/v2\/comments?post=21219"}],"version-history":[{"count":0,"href":"https:\/\/www.europesays.com\/pt\/wp-json\/wp\/v2\/posts\/21219\/revisions"}],"wp:featuredmedia":[{"embeddable":true,"href":"https:\/\/www.europesays.com\/pt\/wp-json\/wp\/v2\/media\/21220"}],"wp:attachment":[{"href":"https:\/\/www.europesays.com\/pt\/wp-json\/wp\/v2\/media?parent=21219"}],"wp:term":[{"taxonomy":"category","embeddable":true,"href":"https:\/\/www.europesays.com\/pt\/wp-json\/wp\/v2\/categories?post=21219"},{"taxonomy":"post_tag","embeddable":true,"href":"https:\/\/www.europesays.com\/pt\/wp-json\/wp\/v2\/tags?post=21219"}],"curies":[{"name":"wp","href":"https:\/\/api.w.org\/{rel}","templated":true}]}}