{"id":212193,"date":"2026-01-02T16:56:49","date_gmt":"2026-01-02T16:56:49","guid":{"rendered":"https:\/\/www.europesays.com\/pt\/212193\/"},"modified":"2026-01-02T16:56:49","modified_gmt":"2026-01-02T16:56:49","slug":"primeiro-bebe-do-ano-ja-nasceu-e-uma-menina","status":"publish","type":"post","link":"https:\/\/www.europesays.com\/pt\/212193\/","title":{"rendered":"Primeiro beb\u00e9 do ano j\u00e1 nasceu: \u00e9 uma menina"},"content":{"rendered":"\n<p class=\"p_0\">J\u00e1 nasceu o primeiro beb\u00e9 do ano da Madeira, na maternidade do Hospital Dr. N\u00e9lio Mendon\u00e7a.<\/p>\n<p class=\"p_1\">O SESARAM informa que se trata de uma menina e que nasceu \u00e0s 06h35, com 3,525 kg, encontrando-se bem de sa\u00fade, assim como a m\u00e3e.<\/p>\n<p class=\"p_2\">Refira-se que esta ser\u00e1 a primeira fam\u00edlia do ano a beneficiar do Cart\u00e3o Kit Beb\u00e9, uma medida de apoio \u00e0 natalidade implementada pelo Governo Regional em 2019, destinada a todas as crian\u00e7as que nascem na maternidade do Hospital do Servi\u00e7o Regional de Sa\u00fade.<\/p>\n","protected":false},"excerpt":{"rendered":"J\u00e1 nasceu o primeiro beb\u00e9 do ano da Madeira, na maternidade do Hospital Dr. N\u00e9lio Mendon\u00e7a. O SESARAM&hellip;\n","protected":false},"author":2,"featured_media":212194,"comment_status":"","ping_status":"","sticky":false,"template":"","format":"standard","meta":{"footnotes":""},"categories":[10],"tags":[27,28,15,16,14,25,26,4000,21,22,12,13,19,20,32,23,24,33,17,18,29,30,31],"class_list":{"0":"post-212193","1":"post","2":"type-post","3":"status-publish","4":"format-standard","5":"has-post-thumbnail","7":"category-portugal","8":"tag-breaking-news","9":"tag-breakingnews","10":"tag-featured-news","11":"tag-featurednews","12":"tag-headlines","13":"tag-latest-news","14":"tag-latestnews","15":"tag-ligia-neves","16":"tag-main-news","17":"tag-mainnews","18":"tag-news","19":"tag-noticias","20":"tag-noticias-principais","21":"tag-noticiasprincipais","22":"tag-portugal","23":"tag-principais-noticias","24":"tag-principaisnoticias","25":"tag-pt","26":"tag-top-stories","27":"tag-topstories","28":"tag-ultimas","29":"tag-ultimas-noticias","30":"tag-ultimasnoticias"},"share_on_mastodon":{"url":"https:\/\/pubeurope.com\/@pt\/115826566331993915","error":""},"_links":{"self":[{"href":"https:\/\/www.europesays.com\/pt\/wp-json\/wp\/v2\/posts\/212193","targetHints":{"allow":["GET"]}}],"collection":[{"href":"https:\/\/www.europesays.com\/pt\/wp-json\/wp\/v2\/posts"}],"about":[{"href":"https:\/\/www.europesays.com\/pt\/wp-json\/wp\/v2\/types\/post"}],"author":[{"embeddable":true,"href":"https:\/\/www.europesays.com\/pt\/wp-json\/wp\/v2\/users\/2"}],"replies":[{"embeddable":true,"href":"https:\/\/www.europesays.com\/pt\/wp-json\/wp\/v2\/comments?post=212193"}],"version-history":[{"count":0,"href":"https:\/\/www.europesays.com\/pt\/wp-json\/wp\/v2\/posts\/212193\/revisions"}],"wp:featuredmedia":[{"embeddable":true,"href":"https:\/\/www.europesays.com\/pt\/wp-json\/wp\/v2\/media\/212194"}],"wp:attachment":[{"href":"https:\/\/www.europesays.com\/pt\/wp-json\/wp\/v2\/media?parent=212193"}],"wp:term":[{"taxonomy":"category","embeddable":true,"href":"https:\/\/www.europesays.com\/pt\/wp-json\/wp\/v2\/categories?post=212193"},{"taxonomy":"post_tag","embeddable":true,"href":"https:\/\/www.europesays.com\/pt\/wp-json\/wp\/v2\/tags?post=212193"}],"curies":[{"name":"wp","href":"https:\/\/api.w.org\/{rel}","templated":true}]}}