{"id":212195,"date":"2026-01-02T16:57:08","date_gmt":"2026-01-02T16:57:08","guid":{"rendered":"https:\/\/www.europesays.com\/pt\/212195\/"},"modified":"2026-01-02T16:57:08","modified_gmt":"2026-01-02T16:57:08","slug":"tendinha-dos-clerigos-mitica-discoteca-do-porto-dedicada-ao-rock-vai-fechar-portas","status":"publish","type":"post","link":"https:\/\/www.europesays.com\/pt\/212195\/","title":{"rendered":"Tendinha dos Cl\u00e9rigos, m\u00edtica discoteca do Porto dedicada ao rock, vai fechar portas"},"content":{"rendered":"<p>A discoteca<strong> Tendinha dos Cl\u00e9rigos<\/strong>, uma das mais conhecidas da noite portuense, anunciou que ir\u00e1 fechar as suas portas j\u00e1 este m\u00eas. A <strong>\u00faltima noite de festa <\/strong>naquele espa\u00e7o ter\u00e1 lugar a 10 de janeiro.<\/p>\n<p>O an\u00fancio foi feito atrav\u00e9s de um comunicado partilhado nas redes sociais e assinado por <strong>Alberto Fonseca, propriet\u00e1rio do espa\u00e7o<\/strong>. \u201cNenhum fim o \u00e9 quando a mem\u00f3ria prevalece. E se a mem\u00f3ria se multiplicar por milhares e milhares de pessoas que dan\u00e7aram e se divertiram num palco que tomaram como seu e com a m\u00fasica que mais gostavam, ent\u00e3o estamos j\u00e1 a falar de muito tempo de felicidade na vida de muita gente\u201d, pode ler-se.<\/p>\n<p>\u201cO espa\u00e7o Tendinha dos Cl\u00e9rigos vai fechar. <strong>O conceito permanecer\u00e1 vivo na mem\u00f3ria de amigos e clientes<\/strong>, suavizando uma decis\u00e3o dura, dif\u00edcil e dolorosa, mas consciente e corajosa\u201d, continua o propriet\u00e1rio, deixando a garantia de que a marca Tendinha dos Cl\u00e9rigos poder\u00e1 eventualmente regressar, numa \u201coutra dimens\u00e3o, ou um outro espa\u00e7o\u201d.<\/p>\n<p>A discoteca Tendinha dos Cl\u00e9rigos foi inaugurada a <strong>15 de abril de 2005<\/strong>, com Alberto Fonseca a salientar \u201c20 anos em crescendo\u201d. \u201cSempre a somar simpatia e divers\u00e3o, inspirado pelas est\u00e9ticas menos comerciais e apontada, sem receios de mercado, aos devotos do rock, do que \u00e9 mais cl\u00e1ssico ao mais contempor\u00e2neo\u201d, acrescenta.<\/p>\n<p>\u201cDurante duas d\u00e9cadas, o Tendinha dos Cl\u00e9rigos ofereceu servi\u00e7o de qualidade e emprestou alma ao Porto, ombreando com o esfor\u00e7o e qualidade de outros espa\u00e7os numa \u00e9poca em que poucos acreditavam que a cidade se transformaria num dos mais procurados destinos tur\u00edsticos da Europa.<strong> A noite local passou de obscura e insegura a roteiro do <\/strong><strong>underground<\/strong><strong> \u00e0 moda do Porto. <\/strong>Cas\u00e1mos h\u00e1bitos. E tamb\u00e9m cas\u00e1mos pessoas\u201d.<\/p>\n<p>\u201cO espa\u00e7o fica. A mem\u00f3ria n\u00e3o se apaga. Mas a sua mem\u00f3ria n\u00e3o pairar\u00e1 sobre o espa\u00e7o, porque este ganhar\u00e1 uma nova e diferente vida, com gera\u00e7\u00f5es de outros futuros\u201d, remata Alberto Fonseca.<\/p>\n<p>Segundo o \u201cJornal de Not\u00edcias\u201d, o espa\u00e7o agora ocupado pelo Tendinha dos Cl\u00e9rigos ir\u00e1 reabrir no fim de semana seguinte, agora com outro nome e conceito e direcionado a \u201cgera\u00e7\u00f5es mais novas\u201d. A gest\u00e3o do mesmo ser\u00e1 feita pelo filho de Alberto Fonseca.<\/p>\n","protected":false},"excerpt":{"rendered":"A discoteca Tendinha dos Cl\u00e9rigos, uma das mais conhecidas da noite portuense, anunciou que ir\u00e1 fechar as suas&hellip;\n","protected":false},"author":2,"featured_media":212196,"comment_status":"","ping_status":"","sticky":false,"template":"","format":"standard","meta":{"footnotes":""},"categories":[8],"tags":[27,28,15,16,14,25,26,21,22,12,13,19,20,32,23,24,33,17,18,29,30,31],"class_list":{"0":"post-212195","1":"post","2":"type-post","3":"status-publish","4":"format-standard","5":"has-post-thumbnail","7":"category-principais-noticias","8":"tag-breaking-news","9":"tag-breakingnews","10":"tag-featured-news","11":"tag-featurednews","12":"tag-headlines","13":"tag-latest-news","14":"tag-latestnews","15":"tag-main-news","16":"tag-mainnews","17":"tag-news","18":"tag-noticias","19":"tag-noticias-principais","20":"tag-noticiasprincipais","21":"tag-portugal","22":"tag-principais-noticias","23":"tag-principaisnoticias","24":"tag-pt","25":"tag-top-stories","26":"tag-topstories","27":"tag-ultimas","28":"tag-ultimas-noticias","29":"tag-ultimasnoticias"},"share_on_mastodon":{"url":"https:\/\/pubeurope.com\/@pt\/115826566410379107","error":""},"_links":{"self":[{"href":"https:\/\/www.europesays.com\/pt\/wp-json\/wp\/v2\/posts\/212195","targetHints":{"allow":["GET"]}}],"collection":[{"href":"https:\/\/www.europesays.com\/pt\/wp-json\/wp\/v2\/posts"}],"about":[{"href":"https:\/\/www.europesays.com\/pt\/wp-json\/wp\/v2\/types\/post"}],"author":[{"embeddable":true,"href":"https:\/\/www.europesays.com\/pt\/wp-json\/wp\/v2\/users\/2"}],"replies":[{"embeddable":true,"href":"https:\/\/www.europesays.com\/pt\/wp-json\/wp\/v2\/comments?post=212195"}],"version-history":[{"count":0,"href":"https:\/\/www.europesays.com\/pt\/wp-json\/wp\/v2\/posts\/212195\/revisions"}],"wp:featuredmedia":[{"embeddable":true,"href":"https:\/\/www.europesays.com\/pt\/wp-json\/wp\/v2\/media\/212196"}],"wp:attachment":[{"href":"https:\/\/www.europesays.com\/pt\/wp-json\/wp\/v2\/media?parent=212195"}],"wp:term":[{"taxonomy":"category","embeddable":true,"href":"https:\/\/www.europesays.com\/pt\/wp-json\/wp\/v2\/categories?post=212195"},{"taxonomy":"post_tag","embeddable":true,"href":"https:\/\/www.europesays.com\/pt\/wp-json\/wp\/v2\/tags?post=212195"}],"curies":[{"name":"wp","href":"https:\/\/api.w.org\/{rel}","templated":true}]}}