{"id":212203,"date":"2026-01-02T17:05:06","date_gmt":"2026-01-02T17:05:06","guid":{"rendered":"https:\/\/www.europesays.com\/pt\/212203\/"},"modified":"2026-01-02T17:05:06","modified_gmt":"2026-01-02T17:05:06","slug":"casos-de-osteoporose-devem-disparar-ate-2050-inclusive-no-brasil-2","status":"publish","type":"post","link":"https:\/\/www.europesays.com\/pt\/212203\/","title":{"rendered":"Casos de osteoporose devem disparar at\u00e9 2050, inclusive no Brasil"},"content":{"rendered":"<p>Principal causa de fraturas ap\u00f3s os 50 anos, a <a href=\"https:\/\/www.bonsfluidos.com.br\/saude\/fuja-da-osteoporose-e-veja-5-habitos-que-fortalecem-seus-ossos.phtml\" rel=\"nofollow noopener\" target=\"_blank\">osteoporose<\/a> deve avan\u00e7ar de forma significativa nas pr\u00f3ximas d\u00e9cadas, impulsionada pelo envelhecimento populacional, por h\u00e1bitos de vida inadequados e pelo maior n\u00famero de diagn\u00f3sticos. A <strong>Funda\u00e7\u00e3o Internacional de Osteoporose<\/strong> estima que uma em cada tr\u00eas mulheres e um a cada cinco homens acima dos 50 anos sofrer\u00e3o fraturas relacionadas \u00e0 doen\u00e7a. At\u00e9 2050, a proje\u00e7\u00e3o \u00e9 de que os casos aumentem 54% entre pessoas com mais de 50 anos e 32% entre aquelas acima dos 70.<\/p>\n<p>A tend\u00eancia de crescimento tamb\u00e9m \u00e9 observada no <strong>Brasil<\/strong>. \u201cA estimativa \u00e9 de que cerca de 10 milh\u00f5es de brasileiros convivam com a osteoporose. Esse n\u00famero tende a crescer, acompanhando o r\u00e1pido <a href=\"https:\/\/www.bonsfluidos.com.br\/bem-estar\/envelhecimento-pode-ser-a-melhor-fase-da-vida-estudo-explica.phtml\" rel=\"nofollow noopener\" target=\"_blank\">envelhecimento<\/a> da popula\u00e7\u00e3o\u201d, analisa a reumatologista <strong>Vera Lucia Szejnfeld<\/strong>, membro da<strong> Comiss\u00e3o de Doen\u00e7as Osteometab\u00f3licas e Osteoporose da Sociedade Brasileira de Reumatologia<\/strong> (SBR). \u201cHoje, o pa\u00eds j\u00e1 tem mais de 33 milh\u00f5es de pessoas com 60 anos ou mais. As proje\u00e7\u00f5es indicam que, at\u00e9 2030, esse grupo ultrapassar\u00e1 40 milh\u00f5es.\u201d<\/p>\n<p>Essa curva ascendente n\u00e3o se explica apenas pelo envelhecimento populacional, mas tamb\u00e9m pela melhoria no diagn\u00f3stico. O aumento da <a href=\"https:\/\/www.bonsfluidos.com.br\/bem-estar\/dia-nacional-de-conscientizacao-do-alzheimer-quais-os-primeiros-sinais-da-doenca.phtml\" rel=\"nofollow noopener\" target=\"_blank\">conscientiza\u00e7\u00e3o<\/a> sobre a doen\u00e7a e da educa\u00e7\u00e3o m\u00e9dica continuada tem permitido identificar casos antes despercebidos.<\/p>\n<p>Fatores associados ao estilo de vida \u2014 como sedentarismo, defici\u00eancia de c\u00e1lcio e<a href=\"https:\/\/www.bonsfluidos.com.br\/bem-estar\/vitamina-d-sabia-que-ela-pode-ser-considerada-um-hormonio-entenda.phtml\" rel=\"nofollow noopener\" target=\"_blank\"> vitamina D<\/a> e maior preval\u00eancia de doen\u00e7as cr\u00f4nicas \u2014 tamb\u00e9m influenciam. \u201cO relat\u00f3rio da IOF aponta que, no Brasil, ocorrem cerca de 400 mil fraturas por fragilidade a cada ano, e que, se nada mudar, esse n\u00famero pode aumentar em at\u00e9 60% at\u00e9 2030. Ou seja, a osteoporose e suas complica\u00e7\u00f5es j\u00e1 representam um grande desafio de sa\u00fade p\u00fablica, exigindo cada vez mais aten\u00e7\u00e3o a preven\u00e7\u00e3o, diagn\u00f3stico e tratamento\u201d, observa Szejnfeld.<\/p>\n<p> Cuidados desde a inf\u00e2ncia <\/p>\n<p>Embora seja silenciosa nas fases iniciais, a doen\u00e7a s\u00f3 costuma dar sinais quando j\u00e1 est\u00e1 avan\u00e7ada. Muitas vezes ap\u00f3s fraturas provocadas por esfor\u00e7os m\u00ednimos \u2014 desde pequenas quedas at\u00e9 movimentos banais, como um espirro. Mas os cuidados devem come\u00e7ar muito antes, ainda na <a href=\"https:\/\/www.bonsfluidos.com.br\/comportamento\/5-habitos-da-infancia-que-impactam-seus-comportamentos-na-vida-adulta.phtml\" rel=\"nofollow noopener\" target=\"_blank\">inf\u00e2ncia<\/a>.<\/p>\n<p>At\u00e9 os 30 anos de idade, o organismo est\u00e1 em sua fase mais intensa de <a href=\"https:\/\/www.bonsfluidos.com.br\/saude\/saude-dos-ossos-a-relacao-entre-dieta-exercicio-e-longevidade-ossea.phtml\" rel=\"nofollow noopener\" target=\"_blank\">forma\u00e7\u00e3o \u00f3ssea<\/a>. Dessa forma, acumula minerais e constr\u00f3i o chamado \u201cbanco de ossos\u201d, que servir\u00e1 de reserva para toda a vida adulta. A partir desse per\u00edodo, inicia-se um decl\u00ednio natural da massa \u00f3ssea.<\/p>\n<p>Nas mulheres, essa perda se acelera de maneira acentuada ap\u00f3s a menopausa. Nesta fase da vida, a queda dos <a href=\"https:\/\/www.bonsfluidos.com.br\/bem-estar\/quais-sao-os-hormonios-do-bem-estar-e-como-consegui-los-naturalmente.phtml\" rel=\"nofollow noopener\" target=\"_blank\">horm\u00f4nios<\/a> femininos aumenta a atividade das c\u00e9lulas respons\u00e1veis pela reabsor\u00e7\u00e3o dos ossos (osteoclastos). Enquanto isso, as c\u00e9lulas que produzem tecido \u00f3sseo novo (osteoblastos) n\u00e3o conseguem compensar o ritmo acelerado de desgaste. \u201cSem reposi\u00e7\u00e3o hormonal, estima-se que at\u00e9 25% das mulheres podem apresentar perda significativa de densidade \u00f3ssea, e em at\u00e9 10 anos podem perder cerca de 30% desse material, o que eleva muito o risco de fraturas\u201d, destaca Szejnfeld.<\/p>\n<p>A gen\u00e9tica tamb\u00e9m tem um peso importante: cerca de 80% do pico de massa \u00f3ssea \u00e9 herdado. Mas os outros 20% dependem diretamente do estilo de vida. \u201cAo longo da vida \u00e9 importante praticar<a href=\"https:\/\/www.bonsfluidos.com.br\/movimente-se\/quais-sao-as-10-atividades-fisicas-mais-procuradas-pelos-brasileiros-confira.phtml\" rel=\"nofollow noopener\" target=\"_blank\"> atividades f\u00edsicas<\/a> regulares, especialmente as de for\u00e7a e que levam a impacto, como muscula\u00e7\u00e3o e caminhada, al\u00e9m de tomar sol, ter uma alimenta\u00e7\u00e3o rica em c\u00e1lcio e vitamina D conforme a idade\u201d, orienta o ortopedista <strong>Sandro Reginaldo<\/strong>, coordenador da <strong>Ortopedia do Einstein Hospital Israelita<\/strong> em <strong>Goi\u00e2nia<\/strong>.<\/p>\n<p>Evitar fatores de risco tamb\u00e9m \u00e9 essencial. Ou seja, isso inclui n\u00e3o fumar, n\u00e3o beber \u00e1lcool em excesso e n\u00e3o consumir com frequ\u00eancia medica\u00e7\u00f5es. Pois esses aceleram a perda \u00f3ssea, como <a href=\"https:\/\/www.bonsfluidos.com.br\/saude\/setembro-chama-atencao-para-a-alopecia-entenda-a-doenca.phtml\" rel=\"nofollow noopener\" target=\"_blank\">corticoides<\/a>, sem orienta\u00e7\u00e3o m\u00e9dica.<\/p>\n<p> O que \u00e9 necess\u00e1rio fazer? <\/p>\n<p>Al\u00e9m dos cuidados preventivos, exames s\u00e3o fundamentais para identificar a condi\u00e7\u00e3o precocemente. A densitometria \u00f3ssea e o FRAX, ferramenta que calcula o risco de fraturas por osteoporose, ajudam a direcionar o tratamento, especialmente quando surgem sinais de alerta, como perda acelerada de estatura e altera\u00e7\u00f5es <a href=\"https:\/\/www.bonsfluidos.com.br\/bem-estar\/a-importancia-de-uma-boa-postura-corporal-para-a-saude-e-bem-estar.phtml\" rel=\"nofollow noopener\" target=\"_blank\">posturais<\/a>. \u201cNo que diz respeito ao tratamento, a escolha do medicamento deve ser considerada conforme hist\u00f3rico de fraturas, resultado de exames, comorbidades, risco cardiovascular, al\u00e9m dos custos\u201d, destaca Reginaldo.<\/p>\n<p>Pacientes com osteoporose sem fraturas ou com <a href=\"https:\/\/www.bonsfluidos.com.br\/bem-estar\/nove-sinais-que-voce-precisa-conhecer-antes-de-entrar-na-menopausa.phtml\" rel=\"nofollow noopener\" target=\"_blank\">osteopenia<\/a> (fase inicial de perda \u00f3ssea, que j\u00e1 eleva o risco de les\u00f5es) normalmente recebem medicamentos que reduzem a reabsor\u00e7\u00e3o \u00f3ssea e evitam fraturas futuras. Mas, quando elas ocorrem (as mais comuns s\u00e3o em punhos, v\u00e9rtebras e f\u00eamur), colocam o paciente em uma categoria de alto risco.<\/p>\n<p>Nesses casos, o tratamento inclui rem\u00e9dios anab\u00f3licos, que estimulam a forma\u00e7\u00e3o de <a href=\"https:\/\/www.bonsfluidos.com.br\/saude\/saude-dos-ossos-a-relacao-entre-dieta-exercicio-e-longevidade-ossea.phtml\" rel=\"nofollow noopener\" target=\"_blank\">tecido \u00f3sseo<\/a> novo. Eles funcionam como uma esp\u00e9cie de \u201cfunda\u00e7\u00e3o\u201d para refor\u00e7ar a estrutura do esqueleto antes de iniciar terapias destinadas \u00e0 manuten\u00e7\u00e3o da massa \u00f3ssea. \u201cNo Brasil, estimativas recentes apontam centenas de milhares de fraturas por fragilidade e uma quantidade elevada de subtratamento, o que \u00e9 um grande risco e um ponto que precisa de muita aten\u00e7\u00e3o\u201d, alerta o ortopedista <strong>Adriano Passaglia Esperidi\u00e3o<\/strong>, tamb\u00e9m do Einstein Goi\u00e2nia.<\/p>\n<p>*Texto de Thais Szeg\u00f6, da Ag\u00eancia Einstein<\/p>\n","protected":false},"excerpt":{"rendered":"Principal causa de fraturas ap\u00f3s os 50 anos, a osteoporose deve avan\u00e7ar de forma significativa nas pr\u00f3ximas d\u00e9cadas,&hellip;\n","protected":false},"author":2,"featured_media":212204,"comment_status":"","ping_status":"","sticky":false,"template":"","format":"standard","meta":{"footnotes":""},"categories":[86],"tags":[41551,1490,41552,116,15508,19877,32,33,117,5677],"class_list":{"0":"post-212203","1":"post","2":"type-post","3":"status-publish","4":"format-standard","5":"has-post-thumbnail","7":"category-saude","8":"tag-calcio","9":"tag-envelhecimento","10":"tag-envelhecimento-da-populacao","11":"tag-health","12":"tag-ossos","13":"tag-osteoporose","14":"tag-portugal","15":"tag-pt","16":"tag-saude","17":"tag-sedentarismo"},"share_on_mastodon":{"url":"https:\/\/pubeurope.com\/@pt\/115826597799669312","error":""},"_links":{"self":[{"href":"https:\/\/www.europesays.com\/pt\/wp-json\/wp\/v2\/posts\/212203","targetHints":{"allow":["GET"]}}],"collection":[{"href":"https:\/\/www.europesays.com\/pt\/wp-json\/wp\/v2\/posts"}],"about":[{"href":"https:\/\/www.europesays.com\/pt\/wp-json\/wp\/v2\/types\/post"}],"author":[{"embeddable":true,"href":"https:\/\/www.europesays.com\/pt\/wp-json\/wp\/v2\/users\/2"}],"replies":[{"embeddable":true,"href":"https:\/\/www.europesays.com\/pt\/wp-json\/wp\/v2\/comments?post=212203"}],"version-history":[{"count":0,"href":"https:\/\/www.europesays.com\/pt\/wp-json\/wp\/v2\/posts\/212203\/revisions"}],"wp:featuredmedia":[{"embeddable":true,"href":"https:\/\/www.europesays.com\/pt\/wp-json\/wp\/v2\/media\/212204"}],"wp:attachment":[{"href":"https:\/\/www.europesays.com\/pt\/wp-json\/wp\/v2\/media?parent=212203"}],"wp:term":[{"taxonomy":"category","embeddable":true,"href":"https:\/\/www.europesays.com\/pt\/wp-json\/wp\/v2\/categories?post=212203"},{"taxonomy":"post_tag","embeddable":true,"href":"https:\/\/www.europesays.com\/pt\/wp-json\/wp\/v2\/tags?post=212203"}],"curies":[{"name":"wp","href":"https:\/\/api.w.org\/{rel}","templated":true}]}}