{"id":212213,"date":"2026-01-02T17:10:10","date_gmt":"2026-01-02T17:10:10","guid":{"rendered":"https:\/\/www.europesays.com\/pt\/212213\/"},"modified":"2026-01-02T17:10:10","modified_gmt":"2026-01-02T17:10:10","slug":"espanha-troca-o-triangulo-por-luz-de-sinalizacao-para-evitar-25-atropelamentos-ao-ano","status":"publish","type":"post","link":"https:\/\/www.europesays.com\/pt\/212213\/","title":{"rendered":"Espanha troca o tri\u00e2ngulo por luz de sinaliza\u00e7\u00e3o para evitar &#8220;25 atropelamentos ao ano&#8221;"},"content":{"rendered":"<p data-remotead-prev-elm=\"true\" data-remotead-elm-id=\"inread\">Trata-se de um dispositivo redondo, de luz LED amarela intermitente, vis\u00edvel a 360 graus e que, em caso de necessidade, deve ser colocada no tejadilho do carro. &#8220;A experi\u00eancia diz-nos que sair do carro e deslocar-se 100 metros para colocar o tri\u00e2ngulo \u00e9 um procedimento de risco&#8221;, diz Ana Blanco, subdiretora da Dire\u00e7\u00e3o Geral de Tr\u00e2nsito (DGT) ao JN. &#8220;Os condutores fazem-no pela berma, em estradas de circula\u00e7\u00e3o a grande velocidade e isto n\u00e3o \u00e9 seguro&#8221;.<\/p>\n","protected":false},"excerpt":{"rendered":"Trata-se de um dispositivo redondo, de luz LED amarela intermitente, vis\u00edvel a 360 graus e que, em caso&hellip;\n","protected":false},"author":2,"featured_media":212214,"comment_status":"","ping_status":"","sticky":false,"template":"","format":"standard","meta":{"footnotes":""},"categories":[10],"tags":[27,28,640,15,16,14,25,26,21,22,62,12,13,19,20,32,23,24,33,17,18,11669,29,30,31],"class_list":{"0":"post-212213","1":"post","2":"type-post","3":"status-publish","4":"format-standard","5":"has-post-thumbnail","7":"category-portugal","8":"tag-breaking-news","9":"tag-breakingnews","10":"tag-espanha","11":"tag-featured-news","12":"tag-featurednews","13":"tag-headlines","14":"tag-latest-news","15":"tag-latestnews","16":"tag-main-news","17":"tag-mainnews","18":"tag-mundo","19":"tag-news","20":"tag-noticias","21":"tag-noticias-principais","22":"tag-noticiasprincipais","23":"tag-portugal","24":"tag-principais-noticias","25":"tag-principaisnoticias","26":"tag-pt","27":"tag-top-stories","28":"tag-topstories","29":"tag-transito","30":"tag-ultimas","31":"tag-ultimas-noticias","32":"tag-ultimasnoticias"},"share_on_mastodon":{"url":"https:\/\/pubeurope.com\/@pt\/115826617488165397","error":""},"_links":{"self":[{"href":"https:\/\/www.europesays.com\/pt\/wp-json\/wp\/v2\/posts\/212213","targetHints":{"allow":["GET"]}}],"collection":[{"href":"https:\/\/www.europesays.com\/pt\/wp-json\/wp\/v2\/posts"}],"about":[{"href":"https:\/\/www.europesays.com\/pt\/wp-json\/wp\/v2\/types\/post"}],"author":[{"embeddable":true,"href":"https:\/\/www.europesays.com\/pt\/wp-json\/wp\/v2\/users\/2"}],"replies":[{"embeddable":true,"href":"https:\/\/www.europesays.com\/pt\/wp-json\/wp\/v2\/comments?post=212213"}],"version-history":[{"count":0,"href":"https:\/\/www.europesays.com\/pt\/wp-json\/wp\/v2\/posts\/212213\/revisions"}],"wp:featuredmedia":[{"embeddable":true,"href":"https:\/\/www.europesays.com\/pt\/wp-json\/wp\/v2\/media\/212214"}],"wp:attachment":[{"href":"https:\/\/www.europesays.com\/pt\/wp-json\/wp\/v2\/media?parent=212213"}],"wp:term":[{"taxonomy":"category","embeddable":true,"href":"https:\/\/www.europesays.com\/pt\/wp-json\/wp\/v2\/categories?post=212213"},{"taxonomy":"post_tag","embeddable":true,"href":"https:\/\/www.europesays.com\/pt\/wp-json\/wp\/v2\/tags?post=212213"}],"curies":[{"name":"wp","href":"https:\/\/api.w.org\/{rel}","templated":true}]}}