{"id":212217,"date":"2026-01-02T17:16:39","date_gmt":"2026-01-02T17:16:39","guid":{"rendered":"https:\/\/www.europesays.com\/pt\/212217\/"},"modified":"2026-01-02T17:16:39","modified_gmt":"2026-01-02T17:16:39","slug":"apos-10-anos-juntos-bernardina-brito-anuncia-separacao-e-garante-nao-houve-traicoes-secret-story","status":"publish","type":"post","link":"https:\/\/www.europesays.com\/pt\/212217\/","title":{"rendered":"Ap\u00f3s 10 anos juntos, Bernardina Brito anuncia separa\u00e7\u00e3o e garante: \u00abN\u00e3o houve trai\u00e7\u00f5es\u00bb &#8211; Secret Story"},"content":{"rendered":"<p>Bernardina Brito anunciou a separa\u00e7\u00e3o do companheiro de h\u00e1 10 anos e confirmou assim os rumores que j\u00e1 circulavam h\u00e1 uns tempos.\u00a0<\/p>\n<p style=\"margin-bottom:11px\">\u00abVenho-vos falar de um assunto que voc\u00eas j\u00e1 me questionaram v\u00e1rias vezes. Os mais atentes at\u00e9 j\u00e1 t\u00eam quase a certeza. Eu preferi guardar at\u00e9 agora o momento, porque quis passar as festas tranquila, sem estar a ser questionada, sem estarem a sair not\u00edcias\u2026\u00bb, come\u00e7ou por explicar num v\u00eddeo no Instagram.<\/p>\n<p style=\"margin-bottom:11px\">A nortenha acabou por revelar: \u00abEu queria estar em paz e acima de tudo queria que os meus filhos n\u00e3o estivessem a ser questionados nestas alturas festivas e ent\u00e3o preferi manter assim no sigilo, mas como quase todos j\u00e1 desconfiam, eu estou separada\u00bb.\u00a0<\/p>\n<p style=\"margin-bottom:11px\">\u00a0<\/p>\n<p style=\"margin-bottom:11px\">\u00abMas estamos todos bem, foi uma decis\u00e3o tomada em conjunto, pensada, repensada. Depois de algumas tentativas de que pudesse vir a dar certo percebemos que n\u00e3o iria dar certo e que o ideal era seguirmos caminhos diferentes (\u2026) mas bem para podermos dar \u00e0s crian\u00e7as um ambiente saud\u00e1vel de ambas as partes\u00bb, sublinhou.\u00a0<\/p>\n<p>Bernardina Brito fez ainda um pedido, com um novo esclarecimento: \u00abAgrade\u00e7o que n\u00e3o fa\u00e7am especula\u00e7\u00f5es, n\u00e3o inventem nem nada. Volto-vos a dizer, foi algo que n\u00f3s quisemos, n\u00e3o houve trai\u00e7\u00f5es, n\u00e3o houve nada, simplesmente\u2026 foram 10 anos e n\u00e3o sei\u2026 \u00e0s vezes o amor vai acabando, n\u00e3o sei ao certo\u00bb.\u00a0<\/p>\n<p>\u00abSei que j\u00e1 n\u00e3o estava a dar em ambas as partes, ent\u00e3o a decis\u00e3o foi esta. Agrade\u00e7o que da vossa parte haja um bocadinho de compreens\u00e3o, respeito, n\u00e3o sejam chatinhos. O mais importante para mim \u00e9 que os meninos estejam bem e eles est\u00e3o\u00bb, rematou a ex-concorrente.\u00a0<\/p>\n<p>\u00a0<\/p>\n","protected":false},"excerpt":{"rendered":"Bernardina Brito anunciou a separa\u00e7\u00e3o do companheiro de h\u00e1 10 anos e confirmou assim os rumores que j\u00e1&hellip;\n","protected":false},"author":2,"featured_media":212218,"comment_status":"","ping_status":"","sticky":false,"template":"","format":"standard","meta":{"footnotes":""},"categories":[142],"tags":[18706,5303,114,115,18705,32,33,151,18704],"class_list":{"0":"post-212217","1":"post","2":"type-post","3":"status-publish","4":"format-standard","5":"has-post-thumbnail","7":"category-tv","8":"tag-bastidores-secret-story","9":"tag-bernardina-brito","10":"tag-entertainment","11":"tag-entretenimento","12":"tag-entrevistas-concorrentes-tvi","13":"tag-portugal","14":"tag-pt","15":"tag-tv","16":"tag-vida-fora-da-casa"},"share_on_mastodon":{"url":"https:\/\/pubeurope.com\/@pt\/115826640991357976","error":""},"_links":{"self":[{"href":"https:\/\/www.europesays.com\/pt\/wp-json\/wp\/v2\/posts\/212217","targetHints":{"allow":["GET"]}}],"collection":[{"href":"https:\/\/www.europesays.com\/pt\/wp-json\/wp\/v2\/posts"}],"about":[{"href":"https:\/\/www.europesays.com\/pt\/wp-json\/wp\/v2\/types\/post"}],"author":[{"embeddable":true,"href":"https:\/\/www.europesays.com\/pt\/wp-json\/wp\/v2\/users\/2"}],"replies":[{"embeddable":true,"href":"https:\/\/www.europesays.com\/pt\/wp-json\/wp\/v2\/comments?post=212217"}],"version-history":[{"count":0,"href":"https:\/\/www.europesays.com\/pt\/wp-json\/wp\/v2\/posts\/212217\/revisions"}],"wp:featuredmedia":[{"embeddable":true,"href":"https:\/\/www.europesays.com\/pt\/wp-json\/wp\/v2\/media\/212218"}],"wp:attachment":[{"href":"https:\/\/www.europesays.com\/pt\/wp-json\/wp\/v2\/media?parent=212217"}],"wp:term":[{"taxonomy":"category","embeddable":true,"href":"https:\/\/www.europesays.com\/pt\/wp-json\/wp\/v2\/categories?post=212217"},{"taxonomy":"post_tag","embeddable":true,"href":"https:\/\/www.europesays.com\/pt\/wp-json\/wp\/v2\/tags?post=212217"}],"curies":[{"name":"wp","href":"https:\/\/api.w.org\/{rel}","templated":true}]}}