{"id":212223,"date":"2026-01-02T17:21:08","date_gmt":"2026-01-02T17:21:08","guid":{"rendered":"https:\/\/www.europesays.com\/pt\/212223\/"},"modified":"2026-01-02T17:21:08","modified_gmt":"2026-01-02T17:21:08","slug":"buscas-por-maycon-douglas-suspensas-cmjornal-pt","status":"publish","type":"post","link":"https:\/\/www.europesays.com\/pt\/212223\/","title":{"rendered":"Buscas por Maycon Douglas suspensas &#8211; cmjornal.pt"},"content":{"rendered":"<ol>\n<li><a href=\"https:\/\/news.google.com\/rss\/articles\/CBMiiAFBVV95cUxNN1JNQVhnUmNNNEVteERmVE5UWWZCTEpKWnBQZVV6d2tMMXp5RVpaWUgyZzR3a25wZ0hEbWVUbWRzZDRGVHQ3a3pjU3IwNElubXgtZkNmbUZGNWNnUlh5S29IREN6T09ycEtNVnJLZUt0OUpxRXgwM3lFd2RpVUlCWXhjUVdHNjdk?oc=5\" target=\"_blank\" rel=\"nofollow noopener\">Buscas por Maycon Douglas suspensas<\/a>&nbsp;&nbsp;cmjornal.pt<\/li>\n<li><a href=\"https:\/\/news.google.com\/rss\/articles\/CBMijAJBVV95cUxOSHA0OUhTZWtFb0htckRMMzQyZDlnSDRXbGxjRnh6b3JSZ2h5cWNHOWNDVjdRTXJPbnlQNkFKd2hDZHYzclpHREZyYWVPVlVMejdzeEZmcTJ3UDRvVlNyTVV0cExGWlphem5NVTFKT2QxUDU4TDVUVFRlS2FHT2FDc1ppbnRqMzhaOU9MQ01tOE9YVFFmbmc5U3FOSDV2SWQyTERRbFR5cVJQY0ZYWUNBSlg4NnFmaktEQmFFMEpsVklGRlpfSGdGdFdDaEFzSVNEZ0lCQ2xTUUx5ZEZlNG9adGVIYVoyMEZvbE9CckV5OEFvVkRvblZmdGYzWkdzc1FjNF90dnQ0OFBWNk9h?oc=5\" target=\"_blank\" rel=\"nofollow noopener\">Brasileiro famoso por reality em Portugal desaparece e carro \u00e9 encontrado submerso: \u201c1% de chance\u201d<\/a>&nbsp;&nbsp;Terra<\/li>\n<li><a href=\"https:\/\/news.google.com\/rss\/articles\/CBMi1gFBVV95cUxQUzRpU3lrNG9xczFpLVE3ZlFwd0hRR1ZTYmp0VlJZS0RSLUlkdHQxeDlLalkxYmZ3MXFnUnRxVk41R0NCUjlEa2ZTQmZGREFSOGdaUG9uZ3pCNWR4NjRJeTRLdkpXZzJ3dlpFVUZoWUZwZGhOX0x0QUtzUWJMb196d1BJaVhBcVA0RFFfbW9lSlIwbXFtME9TbjFGcmc3MHBEUTZyY1FBLW5Za3k2QXJxYzVUY1RVRGpvdUo1VlB4azBwU2NYbDVDSmNZN3J3N2RpRFN5WVRn?oc=5\" target=\"_blank\" rel=\"nofollow noopener\">Carro que ser\u00e1 de Maycon encontrado submerso pr\u00f3ximo do farol de S\u00e3o Miguel Arcanjo na Nazar\u00e9<\/a>&nbsp;&nbsp;cmjornal.pt<\/li>\n<li><a href=\"https:\/\/news.google.com\/rss\/articles\/CBMiiwFBVV95cUxQNERLMVBhWmRMNGpWczRCajIybGFiTGdFbVloclpqbXZNRzZERDVjOGUwcUh3cDJtNWprR3hGaTE1R2NEOVYwZHl0SGZVdEpkU3NxQWcxb0VmTmlLdFdHa0NMZUg5S21yVzE4T2NpeFFCaER6cU5qZjRJWE9tWGRMMjZ5aDZ4LUljZzNN?oc=5\" target=\"_blank\" rel=\"nofollow noopener\">Retomadas buscas por jovem desaparecido na Nazar\u00e9<\/a>&nbsp;&nbsp;Observador<\/li>\n<li><a href=\"https:\/\/news.google.com\/rss\/articles\/CBMipwFBVV95cUxOOGgwRnl1dmpMV0NxdzNVTTdienYzQ0hvVzlqUWVFR1FIYk9JbzNVcGt6Q0M0bHZXMkRNQmxNQXpZN0xGYl9CNHRJbVBKLTUxaDBrZmVwS01FUzVTMEtyMEJ5ZHIzODF1cUtNSHN6aG1DWHZEODdIeHIzYmJEdHUzMW9VYndsd0JsVnU1SDA4NVpOVi12LWtTblFRZm9UbFVtVW1FcVlCNA?oc=5\" target=\"_blank\" rel=\"nofollow noopener\">Inspetor da PJ levanta v\u00e1rias hip\u00f3teses: \u201cQuis desaparecer?\u201d<\/a>&nbsp;&nbsp;SAPO<\/li>\n<\/ol>\n","protected":false},"excerpt":{"rendered":"Buscas por Maycon Douglas suspensas&nbsp;&nbsp;cmjornal.pt Brasileiro famoso por reality em Portugal desaparece e carro \u00e9 encontrado submerso: \u201c1%&hellip;\n","protected":false},"author":2,"featured_media":210859,"comment_status":"","ping_status":"","sticky":false,"template":"","format":"standard","meta":{"footnotes":""},"categories":[85],"tags":[9402,114,115,5563,32,33,218,162],"class_list":{"0":"post-212223","1":"post","2":"type-post","3":"status-publish","4":"format-standard","5":"has-post-thumbnail","7":"category-entretenimento","8":"tag-cmtv","9":"tag-entertainment","10":"tag-entretenimento","11":"tag-nazare","12":"tag-portugal","13":"tag-pt","14":"tag-televisao","15":"tag-tvi"},"share_on_mastodon":{"url":"https:\/\/pubeurope.com\/@pt\/115826660969260203","error":""},"_links":{"self":[{"href":"https:\/\/www.europesays.com\/pt\/wp-json\/wp\/v2\/posts\/212223","targetHints":{"allow":["GET"]}}],"collection":[{"href":"https:\/\/www.europesays.com\/pt\/wp-json\/wp\/v2\/posts"}],"about":[{"href":"https:\/\/www.europesays.com\/pt\/wp-json\/wp\/v2\/types\/post"}],"author":[{"embeddable":true,"href":"https:\/\/www.europesays.com\/pt\/wp-json\/wp\/v2\/users\/2"}],"replies":[{"embeddable":true,"href":"https:\/\/www.europesays.com\/pt\/wp-json\/wp\/v2\/comments?post=212223"}],"version-history":[{"count":0,"href":"https:\/\/www.europesays.com\/pt\/wp-json\/wp\/v2\/posts\/212223\/revisions"}],"wp:featuredmedia":[{"embeddable":true,"href":"https:\/\/www.europesays.com\/pt\/wp-json\/wp\/v2\/media\/210859"}],"wp:attachment":[{"href":"https:\/\/www.europesays.com\/pt\/wp-json\/wp\/v2\/media?parent=212223"}],"wp:term":[{"taxonomy":"category","embeddable":true,"href":"https:\/\/www.europesays.com\/pt\/wp-json\/wp\/v2\/categories?post=212223"},{"taxonomy":"post_tag","embeddable":true,"href":"https:\/\/www.europesays.com\/pt\/wp-json\/wp\/v2\/tags?post=212223"}],"curies":[{"name":"wp","href":"https:\/\/api.w.org\/{rel}","templated":true}]}}