{"id":212226,"date":"2026-01-02T17:23:15","date_gmt":"2026-01-02T17:23:15","guid":{"rendered":"https:\/\/www.europesays.com\/pt\/212226\/"},"modified":"2026-01-02T17:23:15","modified_gmt":"2026-01-02T17:23:15","slug":"abandonar-a-universidade-tornou-se-uma-medalha-de-honra-em-silicon-valley","status":"publish","type":"post","link":"https:\/\/www.europesays.com\/pt\/212226\/","title":{"rendered":"Abandonar a universidade tornou-se uma medalha de honra em Silicon Valley"},"content":{"rendered":"<p>Apesar de figuras ic\u00f3nicas como Steve Jobs, Bill Gates ou Mark Zuckerberg terem alcan\u00e7ado o sucesso sem concluir a universidade, a realidade \u00e9 que a maioria dos fundadores de startups de sucesso possui uma licenciatura ou um grau acad\u00e9mico superior. Contudo, o fasc\u00ednio pelo fundador que abandona os estudos est\u00e1 novamente na moda.<\/p>\n<p style=\"text-align: center;\"><a target=\"_blank\" href=\"https:\/\/pplware.sapo.pt\/wp-content\/uploads\/2025\/01\/musk_bezos_zuckerberg.webp\" rel=\"nofollow noopener\"><img fetchpriority=\"high\" decoding=\"async\" src=\"https:\/\/www.europesays.com\/pt\/wp-content\/uploads\/2026\/01\/musk_bezos_zuckerberg-1024x576.webp.webp\" alt=\"\" width=\"720\" height=\"405\" class=\"alignnone size-large wp-image-1038336\"  \/><\/a><\/p>\n<p>Um selo de convic\u00e7\u00e3o no ecossistema de startups<\/p>\n<p>Esta tend\u00eancia de romantizar o abandono acad\u00e9mico n\u00e3o \u00e9 nova, mas tem ciclos de popularidade. Atualmente, vive um momento de particular destaque. Nos eventos &#8220;Demo Days&#8221; da <a target=\"_blank\" href=\"https:\/\/www.ycombinator.com\/blog\" rel=\"nofollow noopener\">Y Combinator<\/a>, por exemplo, tornou-se comum os jovens empreendedores destacarem nos seus discursos de um minuto que n\u00e3o terminaram a universidade, o mestrado ou, em alguns casos, <strong>at\u00e9 o ensino secund\u00e1rio<\/strong>.<\/p>\n<blockquote>\n<p>N\u00e3o creio que a YC registe formalmente este dado, mas, de forma emp\u00edrica, notei nas \u00faltimas vagas quantos fundadores real\u00e7am o facto de terem abandonado os estudos.<\/p>\n<p>Ser um &#8220;dropout&#8221; \u00e9, por si s\u00f3, uma esp\u00e9cie de credencial. Reflete uma convic\u00e7\u00e3o e um compromisso profundos com o projeto que est\u00e3o a construir. Creio que \u00e9 visto como algo bastante positivo no ecossistema de capital de risco.<\/p>\n<\/blockquote>\n<p>Afirma Katie Jacobs Stanton, fundadora da Moxxie Ventures.<\/p>\n<p>\u00c9 importante notar que muitos dos principais nomes da nova vaga de IA optaram por concluir a sua forma\u00e7\u00e3o. Michael Truell, CEO da Cursor, licenciou-se no MIT, e Scott Wu, cofundador da Cognition, \u00e9 formado por Harvard. No entanto, estes exemplos parecem n\u00e3o ser suficientes <strong>para acalmar a ansiedade de muitos jovens aspirantes a empreendedores<\/strong>.<\/p>\n<p>O receio predominante \u00e9 que, ao permanecer na universidade para obter um diploma, possam estar a perder a janela de oportunidade mais cr\u00edtica do ciclo de desenvolvimento da intelig\u00eancia artificial (IA). Alguns, como Brendan Foody, cofundador da Mercor, tomaram a decis\u00e3o dr\u00e1stica de abandonar institui\u00e7\u00f5es de prest\u00edgio como a Universidade de Georgetown <strong>para se dedicarem a tempo inteiro \u00e0s suas startups<\/strong>.<\/p>\n<p style=\"text-align: center;\"><a target=\"_blank\" href=\"https:\/\/www.europesays.com\/pt\/wp-content\/uploads\/2026\/01\/universidade_03.webp.webp\"><img loading=\"lazy\" decoding=\"async\" src=\"https:\/\/www.europesays.com\/pt\/wp-content\/uploads\/2026\/01\/universidade_03.webp.webp\" alt=\"\" width=\"720\" height=\"405\" class=\"alignnone size-full wp-image-1094567\"  \/><\/a><\/p>\n<p>Ser\u00e1 que os investidores de capital de risco realmente se importam?<\/p>\n<p>Este receio est\u00e1 a levar a situa\u00e7\u00f5es extremas. Recentemente, um professor de uma universidade de elite descreveu o caso de um aluno que desistiu do curso no seu \u00faltimo semestre, convencido de que ter um diploma poderia, na verdade, <strong>prejudicar as suas hip\u00f3teses de obter financiamento<\/strong>.<\/p>\n<p>Contudo, nem todos os investidores partilham desta vis\u00e3o. Yuri Sagalov, que lidera a estrat\u00e9gia de investimento semente na General Catalyst, sugere que os investidores est\u00e3o menos obcecados com o r\u00f3tulo de &#8220;dropout&#8221;, <strong>especialmente quando os alunos est\u00e3o perto de terminar<\/strong>.<\/p>\n<blockquote>\n<p>N\u00e3o creio que alguma vez tenha olhado de forma diferente para algu\u00e9m que se licenciou ou n\u00e3o, quando desiste no \u00faltimo ano.<\/p>\n<p>O valor social \u00e9 em grande parte adquirido, porque pode sempre mencionar que frequentou a institui\u00e7\u00e3o. A maioria das pessoas ir\u00e1 pesquisar no LinkedIn e n\u00e3o se importar\u00e1 tanto se terminou ou n\u00e3o o curso.<\/p>\n<\/blockquote>\n<p>Argumenta Sagalov.<\/p>\n<p>\u00a0<\/p>\n<p><strong>Leia tamb\u00e9m:<\/strong><\/p>\n","protected":false},"excerpt":{"rendered":"Apesar de figuras ic\u00f3nicas como Steve Jobs, Bill Gates ou Mark Zuckerberg terem alcan\u00e7ado o sucesso sem concluir&hellip;\n","protected":false},"author":2,"featured_media":212227,"comment_status":"","ping_status":"","sticky":false,"template":"","format":"standard","meta":{"footnotes":""},"categories":[83],"tags":[88,89,90,32,33,3764,3062],"class_list":{"0":"post-212226","1":"post","2":"type-post","3":"status-publish","4":"format-standard","5":"has-post-thumbnail","7":"category-empresas","8":"tag-business","9":"tag-economy","10":"tag-empresas","11":"tag-portugal","12":"tag-pt","13":"tag-startups","14":"tag-universidade"},"share_on_mastodon":{"url":"https:\/\/pubeurope.com\/@pt\/115826668654269843","error":""},"_links":{"self":[{"href":"https:\/\/www.europesays.com\/pt\/wp-json\/wp\/v2\/posts\/212226","targetHints":{"allow":["GET"]}}],"collection":[{"href":"https:\/\/www.europesays.com\/pt\/wp-json\/wp\/v2\/posts"}],"about":[{"href":"https:\/\/www.europesays.com\/pt\/wp-json\/wp\/v2\/types\/post"}],"author":[{"embeddable":true,"href":"https:\/\/www.europesays.com\/pt\/wp-json\/wp\/v2\/users\/2"}],"replies":[{"embeddable":true,"href":"https:\/\/www.europesays.com\/pt\/wp-json\/wp\/v2\/comments?post=212226"}],"version-history":[{"count":0,"href":"https:\/\/www.europesays.com\/pt\/wp-json\/wp\/v2\/posts\/212226\/revisions"}],"wp:featuredmedia":[{"embeddable":true,"href":"https:\/\/www.europesays.com\/pt\/wp-json\/wp\/v2\/media\/212227"}],"wp:attachment":[{"href":"https:\/\/www.europesays.com\/pt\/wp-json\/wp\/v2\/media?parent=212226"}],"wp:term":[{"taxonomy":"category","embeddable":true,"href":"https:\/\/www.europesays.com\/pt\/wp-json\/wp\/v2\/categories?post=212226"},{"taxonomy":"post_tag","embeddable":true,"href":"https:\/\/www.europesays.com\/pt\/wp-json\/wp\/v2\/tags?post=212226"}],"curies":[{"name":"wp","href":"https:\/\/api.w.org\/{rel}","templated":true}]}}