{"id":212228,"date":"2026-01-02T17:24:09","date_gmt":"2026-01-02T17:24:09","guid":{"rendered":"https:\/\/www.europesays.com\/pt\/212228\/"},"modified":"2026-01-02T17:24:09","modified_gmt":"2026-01-02T17:24:09","slug":"trump-admite-que-toma-aspirina-demais-e-e-supersticioso-apesar-de-boa-genetica","status":"publish","type":"post","link":"https:\/\/www.europesays.com\/pt\/212228\/","title":{"rendered":"Trump admite que toma aspirina demais e \u00e9 supersticioso apesar de &#8220;boa gen\u00e9tica&#8221;"},"content":{"rendered":"<p data-remotead-prev-elm=\"true\" data-remotead-elm-id=\"inread\">O WSJ refere que a entrevista foi conduzida por telefone e de forma espont\u00e2nea, depois de o jornal ter partilhado com a Casa Branca detalhes sobre o estado de sa\u00fade do presidente norte-americano, o que o deixou incomodado.<\/p>\n<p>&#8220;Vamos voltar a falar de sa\u00fade, pela en\u00e9sima vez. A minha sa\u00fade \u00e9 perfeita&#8221;, declarou Trump, que atribui a sua boa energia aos 79 anos \u00e0 sua heran\u00e7a gen\u00e9tica: &#8220;A gen\u00e9tica \u00e9 muito importante. E eu tenho genes muito bons.&#8221;<\/p>\n<p>Um dos temas abordados no artigo \u00e9 o consumo de 325 miligramas de aspirina por dia, segundo o seu m\u00e9dico, Sean Barbarella, justificada como &#8220;preven\u00e7\u00e3o card\u00edaca&#8221;, em vez de uma dose baixa padr\u00e3o de cerca de 81 miligramas.<\/p>\n<p data-remotead-prev-elm=\"true\" data-remotead-elm-id=\"centro1\">&#8220;Dizem que a aspirina \u00e9 boa para fluidificar o sangue, e eu n\u00e3o quero sangue grosso a passar pelo meu cora\u00e7\u00e3o. Quero sangue bom e fino a passar pelo meu cora\u00e7\u00e3o. Faz sentido?&#8221;, questionou Trump, que ao mesmo tempo disse ser &#8220;um pouco supersticioso&#8221;.<\/p>\n<p>Na entrevista, o l\u00edder norte-americano atribuiu os hematomas vis\u00edveis na m\u00e3o direita \u00e0 dose excessiva de aspirina e negou ter adormecido em eventos p\u00fablicos recentes. &#8220;Eles [os m\u00e9dicos] preferem que eu tome a dose mais baixa. Tomo uma dose mais elevada (&#8230;) h\u00e1 anos e isso provoca hematomas&#8221;, explicou.<\/p>\n<p>Donald Trump, de 79 anos, \u00e9 o presidente mais velho a ser eleito nos Estados Unidos. O pol\u00edtico republicano \u00e9 frequentemente visto com o dorso da m\u00e3o direita maquilhado ou enfaixado para esconder os hematomas, que a Casa Branca atribui aos seus frequentes apertos de m\u00e3o e ao uso rotineiro de aspirina como tratamento cardiovascular. &#8220;Tenho maquilhagem f\u00e1cil de aplicar, demora dez segundos&#8221;, relatou.<\/p>\n<p data-remotead-prev-elm=\"true\" data-remotead-elm-id=\"centro2\"><img decoding=\"async\" class=\"ngx-body\" guid=\"b1c137d5-bb34-44e4-9acf-bbe46aa5a5b3\" src=\"https:\/\/www.europesays.com\/pt\/wp-content\/uploads\/2026\/01\/1767374649_856_image.webp.webp\" width=\"100%\"\/><br \/>Foto: Saul Loeb\/ AFP<\/p>\n<p>Contrariando declara\u00e7\u00f5es anteriores, Donald Trump especificou que se submeteu a uma tomografia computorizada e n\u00e3o a uma resson\u00e2ncia magn\u00e9tica, em outubro. Esta informa\u00e7\u00e3o foi confirmada pelo seu m\u00e9dico em comunicado ao jornal norte-americano, explicando que o exame foi feito para &#8220;descartar definitivamente qualquer problema cardiovascular&#8221; e que n\u00e3o apresentava anormalidades.<\/p>\n<p>O l\u00edder da Casa Branca negou ainda que tenha adormecido durante v\u00e1rios eventos p\u00fablicos, depois de ter sido visto com dificuldade em manter os olhos abertos, em particular durante uma reuni\u00e3o do seu executivo em dezembro.<\/p>\n<p data-remotead-prev-elm=\"true\" data-remotead-elm-id=\"centro3\">&#8220;Simplesmente fecho os olhos. Isso relaxa-me bastante&#8221;, argumentou, expressando desagrado por a sua sa\u00fade ser examinada com tanto detalhe. &#8220;\u00c0s vezes, tiram fotografias minhas a piscar e captam o momento exato em que pisco&#8221;, prosseguiu.<\/p>\n<p><img decoding=\"async\" class=\"ngx-body\" guid=\"64a39663-a804-41ce-9927-cb1eff7ba247\" src=\"https:\/\/www.europesays.com\/pt\/wp-content\/uploads\/2026\/01\/1767374649_835_image.webp.webp\" width=\"100%\"\/><br \/>Foto: Andrew Caballero-Reynolds\/ AFP<\/p>\n<p>Depois de lhe ter sido diagnosticada insufici\u00eancia venosa cr\u00f3nica em julho, o presidente norte-americano explicou que usou meias de compress\u00e3o durante um breve per\u00edodo, mas parou porque &#8220;n\u00e3o gostou delas&#8221;. Em abril, o seu relat\u00f3rio m\u00e9dico indicava que estava a tomar medicamentos para o colesterol.<\/p>\n<p>Donald Trump, que atacou implacavelmente o seu rival democrata Joe Biden na \u00faltima campanha presidencial, em 2024, retratando-o como senil, auto elogia-se regularmente pelo seu excelente desempenho cognitivo.<\/p>\n","protected":false},"excerpt":{"rendered":"O WSJ refere que a entrevista foi conduzida por telefone e de forma espont\u00e2nea, depois de o jornal&hellip;\n","protected":false},"author":2,"featured_media":212229,"comment_status":"","ping_status":"","sticky":false,"template":"","format":"standard","meta":{"footnotes":""},"categories":[50],"tags":[27,28,92,413,15,16,14,25,26,21,22,62,12,13,19,20,23,24,17,18,29,30,31,63,64,65],"class_list":{"0":"post-212228","1":"post","2":"type-post","3":"status-publish","4":"format-standard","5":"has-post-thumbnail","7":"category-mundo","8":"tag-breaking-news","9":"tag-breakingnews","10":"tag-donald-trump","11":"tag-eua","12":"tag-featured-news","13":"tag-featurednews","14":"tag-headlines","15":"tag-latest-news","16":"tag-latestnews","17":"tag-main-news","18":"tag-mainnews","19":"tag-mundo","20":"tag-news","21":"tag-noticias","22":"tag-noticias-principais","23":"tag-noticiasprincipais","24":"tag-principais-noticias","25":"tag-principaisnoticias","26":"tag-top-stories","27":"tag-topstories","28":"tag-ultimas","29":"tag-ultimas-noticias","30":"tag-ultimasnoticias","31":"tag-world","32":"tag-world-news","33":"tag-worldnews"},"share_on_mastodon":{"url":"https:\/\/pubeurope.com\/@pt\/115826672577636657","error":""},"_links":{"self":[{"href":"https:\/\/www.europesays.com\/pt\/wp-json\/wp\/v2\/posts\/212228","targetHints":{"allow":["GET"]}}],"collection":[{"href":"https:\/\/www.europesays.com\/pt\/wp-json\/wp\/v2\/posts"}],"about":[{"href":"https:\/\/www.europesays.com\/pt\/wp-json\/wp\/v2\/types\/post"}],"author":[{"embeddable":true,"href":"https:\/\/www.europesays.com\/pt\/wp-json\/wp\/v2\/users\/2"}],"replies":[{"embeddable":true,"href":"https:\/\/www.europesays.com\/pt\/wp-json\/wp\/v2\/comments?post=212228"}],"version-history":[{"count":0,"href":"https:\/\/www.europesays.com\/pt\/wp-json\/wp\/v2\/posts\/212228\/revisions"}],"wp:featuredmedia":[{"embeddable":true,"href":"https:\/\/www.europesays.com\/pt\/wp-json\/wp\/v2\/media\/212229"}],"wp:attachment":[{"href":"https:\/\/www.europesays.com\/pt\/wp-json\/wp\/v2\/media?parent=212228"}],"wp:term":[{"taxonomy":"category","embeddable":true,"href":"https:\/\/www.europesays.com\/pt\/wp-json\/wp\/v2\/categories?post=212228"},{"taxonomy":"post_tag","embeddable":true,"href":"https:\/\/www.europesays.com\/pt\/wp-json\/wp\/v2\/tags?post=212228"}],"curies":[{"name":"wp","href":"https:\/\/api.w.org\/{rel}","templated":true}]}}