{"id":212254,"date":"2026-01-02T17:44:20","date_gmt":"2026-01-02T17:44:20","guid":{"rendered":"https:\/\/www.europesays.com\/pt\/212254\/"},"modified":"2026-01-02T17:44:20","modified_gmt":"2026-01-02T17:44:20","slug":"a-fotografia-mais-aguardada-ja-viu-com-quem-esta-liliana-oliveira-e-fabio-pereira","status":"publish","type":"post","link":"https:\/\/www.europesays.com\/pt\/212254\/","title":{"rendered":"&#8220;A fotografia mais aguardada&#8221;: j\u00e1 viu com quem est\u00e1 Liliana Oliveira e F\u00e1bio Pereira?"},"content":{"rendered":"<p>Desde que saiu da casa de &#8220;Secret Story&#8221; que <a href=\"https:\/\/selfie.iol.pt\/famosos\/casa-dos-segredos\/fabio-pereira-ja-conhece-os-pais-de-liliana-oliveira-e-foi-isto-o-que-aconteceu\/20260102\/6957c68bd34e3caad84d0547\" target=\"_blank\" rel=\"nofollow noopener\">F\u00e1bio Pereira<\/a> tem partilhado v\u00e1rios registos sobre o respetivo dia a dia. Desta vez, o ex-concorrente do reality show da <a href=\"https:\/\/tvi.iol.pt\/\" target=\"_blank\" rel=\"nofollow noopener\">TVI<\/a> divulgou uma imagem inicialmente partilhada por Adriano Silva Martins e na qual surge ao lado do comentador, de <a href=\"https:\/\/selfie.iol.pt\/famosos\/casa-dos-segredos\/olha-ja-sou-o-melhor-amigo-do-ze-saiba-que-ex-concorrente-de-secret-story-disse-isto-a-liliana-oliveira\/20260102\/6957d501d34e3caad84d060e\" target=\"_blank\" rel=\"nofollow noopener\">Liliana Oliveira<\/a> e de Gon\u00e7alo Quinaz.<\/p>\n<p>&#8220;A fotografia mais aguardada&#8221;, assinalou Adriano Silva Martins na legenda do registo.<\/p>\n<p>Veja, agora, algumas das melhores imagens de F\u00e1bio Pereira e Liliana Oliveira nas galerias de fotografias que prepar\u00e1mos para si.<\/p>\n<p><img decoding=\"async\" alt=\"\" onclick=\"\" src=\"https:\/\/www.europesays.com\/pt\/wp-content\/uploads\/2026\/01\/1024.jpeg\" title=\"F\u00e1bio Pereira\"\/><\/p>\n","protected":false},"excerpt":{"rendered":"Desde que saiu da casa de &#8220;Secret Story&#8221; que F\u00e1bio Pereira tem partilhado v\u00e1rios registos sobre o respetivo&hellip;\n","protected":false},"author":2,"featured_media":212255,"comment_status":"","ping_status":"","sticky":false,"template":"","format":"standard","meta":{"footnotes":""},"categories":[142],"tags":[2632,114,115,24884,980,1015,24883,619,32,33,1014,1315,1012,151,162],"class_list":{"0":"post-212254","1":"post","2":"type-post","3":"status-publish","4":"format-standard","5":"has-post-thumbnail","7":"category-tv","8":"tag-casa-dos-segredos","9":"tag-entertainment","10":"tag-entretenimento","11":"tag-fabio-pereira","12":"tag-famosos","13":"tag-instagram","14":"tag-liliana-oliveira","15":"tag-nacional","16":"tag-portugal","17":"tag-pt","18":"tag-reality-show","19":"tag-secret-story","20":"tag-selfie","21":"tag-tv","22":"tag-tvi"},"share_on_mastodon":{"url":"https:\/\/pubeurope.com\/@pt\/115826751475816973","error":""},"_links":{"self":[{"href":"https:\/\/www.europesays.com\/pt\/wp-json\/wp\/v2\/posts\/212254","targetHints":{"allow":["GET"]}}],"collection":[{"href":"https:\/\/www.europesays.com\/pt\/wp-json\/wp\/v2\/posts"}],"about":[{"href":"https:\/\/www.europesays.com\/pt\/wp-json\/wp\/v2\/types\/post"}],"author":[{"embeddable":true,"href":"https:\/\/www.europesays.com\/pt\/wp-json\/wp\/v2\/users\/2"}],"replies":[{"embeddable":true,"href":"https:\/\/www.europesays.com\/pt\/wp-json\/wp\/v2\/comments?post=212254"}],"version-history":[{"count":0,"href":"https:\/\/www.europesays.com\/pt\/wp-json\/wp\/v2\/posts\/212254\/revisions"}],"wp:featuredmedia":[{"embeddable":true,"href":"https:\/\/www.europesays.com\/pt\/wp-json\/wp\/v2\/media\/212255"}],"wp:attachment":[{"href":"https:\/\/www.europesays.com\/pt\/wp-json\/wp\/v2\/media?parent=212254"}],"wp:term":[{"taxonomy":"category","embeddable":true,"href":"https:\/\/www.europesays.com\/pt\/wp-json\/wp\/v2\/categories?post=212254"},{"taxonomy":"post_tag","embeddable":true,"href":"https:\/\/www.europesays.com\/pt\/wp-json\/wp\/v2\/tags?post=212254"}],"curies":[{"name":"wp","href":"https:\/\/api.w.org\/{rel}","templated":true}]}}