{"id":212270,"date":"2026-01-02T17:57:15","date_gmt":"2026-01-02T17:57:15","guid":{"rendered":"https:\/\/www.europesays.com\/pt\/212270\/"},"modified":"2026-01-02T17:57:15","modified_gmt":"2026-01-02T17:57:15","slug":"guitarrista-do-queen-faz-desabafo-sobre-a-sua-saude-sei-que-e-d","status":"publish","type":"post","link":"https:\/\/www.europesays.com\/pt\/212270\/","title":{"rendered":"Guitarrista do Queen faz desabafo sobre a sua sa\u00fade: &#8220;Sei que \u00e9 d"},"content":{"rendered":"<p>O guitarrista da banda <strong>Queen<\/strong>, <a href=\"https:\/\/www.otempo.com.br\/entretenimento\/2025\/12\/22\/brian-may-revela-musica-inedita-do-queen\" rel=\"nofollow noopener\" target=\"_blank\"><strong>Sir Brian May<\/strong><\/a>, de 78 anos, fez um desabafo sobre o seu atual estado de sa\u00fade ao desejar felicita\u00e7\u00f5es pelo ano novo aos seus seguidores. Em agosto de 2024, o m\u00fasico havia sofrido um AVC \u00a0e passado um longo tempo internado no hospital.<\/p>\n<p>&#8220;Ol\u00e1, queridos amigos! Estes s\u00e3o os meus sentimentos em desejar-vos um \u00f3timo Ano-Novo: novos horizontes, novas oportunidades, novos sonhos, novos desafios, novas realiza\u00e7\u00f5es! E boa sa\u00fade \u2014 sem qual \u00e9 dif\u00edcil desfrutar de qualquer coisa&#8221;, escreveu ele.<\/p>\n<p>&#8220;Mas o FUTURO ainda est\u00e1 l\u00e1 fora!! Vamos l\u00e1 encontrar!!! FELIZ ANO-NOVO para todas as criaturas! Inclusive a VOC\u00caS!&#8221;, acrescentou.<\/p>\n<p>Em novembro de 2025, o guitarrista havia dado uma entrevista sobre o seu AVC que acabou causando a perda tempor\u00e1ria do controle do bra\u00e7o esquerdo. &#8220;J\u00e1 passei por v\u00e1rias coisas, e o AVC foi uma delas. Essas coisas acontecem, mas parece que consigo me recuperar. Elas servem como um alerta&#8221;, relatou <strong>Brian May <\/strong>na entrevista.<\/p>\n<p>\u00a0<\/p>\n<blockquote class=\"instagram-media\" style=\"background: #FFF; border: 0; border-radius: 3px; box-shadow: 0 0 1px 0 rgba(0,0,0,0.5),0 1px 10px 0 rgba(0,0,0,0.15); margin: 1px; max-width: 540px; min-width: 326px; padding: 0; width: calc(100% - 2px);\" data-instgrm-captioned=\"\" data-instgrm-permalink=\"https:\/\/www.instagram.com\/reel\/DS8_KJwCBdF\/?utm_source=ig_embed&amp;utm_campaign=loading\" data-instgrm-version=\"14\"><p>&#13;<br \/>\n&#13;\n<\/p><\/blockquote>\n<p>            <script async src=\"\/\/www.instagram.com\/embed.js\"><\/script><\/p>\n","protected":false},"excerpt":{"rendered":"O guitarrista da banda Queen, Sir Brian May, de 78 anos, fez um desabafo sobre o seu atual&hellip;\n","protected":false},"author":2,"featured_media":212271,"comment_status":"","ping_status":"","sticky":false,"template":"","format":"standard","meta":{"footnotes":""},"categories":[145],"tags":[41564,211,210,114,115,32,33,4012],"class_list":{"0":"post-212270","1":"post","2":"type-post","3":"status-publish","4":"format-standard","5":"has-post-thumbnail","7":"category-celebridades","8":"tag-brian-may","9":"tag-celebridades","10":"tag-celebrities","11":"tag-entertainment","12":"tag-entretenimento","13":"tag-portugal","14":"tag-pt","15":"tag-queen"},"share_on_mastodon":{"url":"https:\/\/pubeurope.com\/@pt\/115826802346139937","error":""},"_links":{"self":[{"href":"https:\/\/www.europesays.com\/pt\/wp-json\/wp\/v2\/posts\/212270","targetHints":{"allow":["GET"]}}],"collection":[{"href":"https:\/\/www.europesays.com\/pt\/wp-json\/wp\/v2\/posts"}],"about":[{"href":"https:\/\/www.europesays.com\/pt\/wp-json\/wp\/v2\/types\/post"}],"author":[{"embeddable":true,"href":"https:\/\/www.europesays.com\/pt\/wp-json\/wp\/v2\/users\/2"}],"replies":[{"embeddable":true,"href":"https:\/\/www.europesays.com\/pt\/wp-json\/wp\/v2\/comments?post=212270"}],"version-history":[{"count":0,"href":"https:\/\/www.europesays.com\/pt\/wp-json\/wp\/v2\/posts\/212270\/revisions"}],"wp:featuredmedia":[{"embeddable":true,"href":"https:\/\/www.europesays.com\/pt\/wp-json\/wp\/v2\/media\/212271"}],"wp:attachment":[{"href":"https:\/\/www.europesays.com\/pt\/wp-json\/wp\/v2\/media?parent=212270"}],"wp:term":[{"taxonomy":"category","embeddable":true,"href":"https:\/\/www.europesays.com\/pt\/wp-json\/wp\/v2\/categories?post=212270"},{"taxonomy":"post_tag","embeddable":true,"href":"https:\/\/www.europesays.com\/pt\/wp-json\/wp\/v2\/tags?post=212270"}],"curies":[{"name":"wp","href":"https:\/\/api.w.org\/{rel}","templated":true}]}}