{"id":212272,"date":"2026-01-02T17:58:08","date_gmt":"2026-01-02T17:58:08","guid":{"rendered":"https:\/\/www.europesays.com\/pt\/212272\/"},"modified":"2026-01-02T17:58:08","modified_gmt":"2026-01-02T17:58:08","slug":"descida-da-cruz-de-domingos-sequeira-comeca-caminho-para-ser-classificada-tesouro-nacional","status":"publish","type":"post","link":"https:\/\/www.europesays.com\/pt\/212272\/","title":{"rendered":"\u201cDescida da Cruz\u201d, de Domingos Sequeira, come\u00e7a caminho para ser classificada tesouro nacional"},"content":{"rendered":"<p>A Museus e Monumento de Portugal (MMP) iniciou o procedimento de classifica\u00e7\u00e3o como bem m\u00f3vel de interesse nacional da pintura \u201cDescida da Cruz\u201d, de Domingos Ant\u00f3nio de Sequeira, de acordo com o an\u00fancio publicado esta sexta-feira em Di\u00e1rio da Rep\u00fablica.<\/p>\n<p>D.R.<\/p>\n<p>A MMP justifica a abertura do processo de classifica\u00e7\u00e3o desta obra, \u201cdat\u00e1vel de 1827\u201d, pela necessidade da sua \u201cprote\u00e7\u00e3o e valoriza\u00e7\u00e3o\u201d e pelo \u201cvalor cultural de significado relevante para a Na\u00e7\u00e3o\u201d, conforme a Lei do Patrim\u00f3nio Cultural.<\/p>\n<p>\u201cDescida da Cruz\u201d faz parte de um grupo de quatro pinturas tardias de Domingos Sequeira \u2013 com \u201cAscens\u00e3o\u201d, \u201cJu\u00edzo Final\u201d e \u201cAdora\u00e7\u00e3o dos Magos\u201d, esta na posse do Museu Nacional de Arte Antiga (MNAA) \u2013 feitas durante os seus \u00faltimos anos de vida, em Roma, onde morreu em 1837.<\/p>\n<p>Um grande estudo preparat\u00f3rio de \u201cDescida da Cruz\u201d, na posse do MNAA, est\u00e1 classificado como bem de interesse nacional, tamb\u00e9m designado \u201ctesouro nacional\u201d.<\/p>\n<p>O quadro \u201cDescida da Cruz\u201d foi adquirido pela Funda\u00e7\u00e3o Lello, do Porto, em mar\u00e7o de 2024, na Feira de Arte e Antiguidades da European Fine Art Foundation (TEFAF), em Maastricht, Pa\u00edses Baixos.<\/p>\n<p>Esta aquisi\u00e7\u00e3o foi feita \u201cem concerta\u00e7\u00e3o com a MMP e visando, desde a primeira hora, o regresso da obra ao pa\u00eds\u201d, como ent\u00e3o a entidade p\u00fabica empresarial declarou.<\/p>\n<p>A obra encontra-se em exposi\u00e7\u00e3o no Museu Nacional Soares dos Reis, no Porto, desde junho desse ano.<\/p>\n<p>&#8220;Descanso na Fuga para o Egito&#8221;, de Domingos Sequeira<\/p>\n<p>D.R.<\/p>\n<p>Pintura foi alvo de pol\u00e9mica  <\/p>\n<p>O quadro \u201cDescida da Cruz\u201d foi alvo de pol\u00e9mica, em 2023-2024, quando a ent\u00e3o Dire\u00e7\u00e3o-Geral do Patrim\u00f3nio Cultural decidiu autorizar a sua sa\u00edda do pa\u00eds, contrariando pareceres de especialistas.<\/p>\n<p>Os anteriores propriet\u00e1rios, tamb\u00e9m portugueses, entregaram o quadro para venda no final de 2023, depois de terem recebido uma autoriza\u00e7\u00e3o de sa\u00edda de Portugal, justificada pela \u201cinexist\u00eancia de qualquer \u00f3nus jur\u00eddico\u201d.<\/p>\n<p>Em fevereiro de 2024, a sec\u00e7\u00e3o portuguesa do Conselho Internacional de Museus (ICOM-Portugal) manifestou, junto do Governo, indigna\u00e7\u00e3o com a condu\u00e7\u00e3o do processo que levou \u00e0 sa\u00edda do pa\u00eds do quadro de Domingos Sequeira e exigiu respostas oficiais. Anteriormente, um grupo de 12 especialistas da \u00e1rea do patrim\u00f3nio cultural tamb\u00e9m dirigiu uma carta aberta \u00e0 tutela manifestando rep\u00fadio pela condu\u00e7\u00e3o do processo.<\/p>\n<p>Com a abertura do processo de classifica\u00e7\u00e3o hoje anunciado, fica desde j\u00e1 estabelecida prote\u00e7\u00e3o legal sobre a obra, reconhecendo-a como parte do patrim\u00f3nio cultural do pa\u00eds, e definindo condi\u00e7\u00f5es para a sua preserva\u00e7\u00e3o e frui\u00e7\u00e3o.<\/p>\n<p>Entre essas condi\u00e7\u00f5es, est\u00e1 a salvaguarda de sa\u00edda do territ\u00f3rio nacional, que s\u00f3 pode acontecer com autoriza\u00e7\u00e3o da tutela, por tempo limitado e para fins culturais ou cient\u00edficas.<\/p>\n<p>De acordo com a Lei de Base do Patrim\u00f3nio Cultural (2001) e legisla\u00e7\u00e3o subsequente (2009 e 2015), a classifica\u00e7\u00e3o de um bem como de interesse nacional, ou \u201ctesouro nacional\u201d, verifica-se desde que \u201ca respetiva prote\u00e7\u00e3o e valoriza\u00e7\u00e3o, no todo ou em parte, represente um valor cultural de significado para a Na\u00e7\u00e3o\u201d.<\/p>\n<p>Preservar a obra, impedir a sua sa\u00edda do pa\u00eds ou o seu extravio est\u00e3o entre os objetivos da lei para a classifica\u00e7\u00e3o.<\/p>\n<p>A \u201cAdora\u00e7\u00e3o dos Magos\u201d, que faz parte deste n\u00facleo de pinturas tardias de Domingos Sequeira, foi comprada pelo MNAA em 2016, atrav\u00e9s de uma campanha p\u00fablica de angaria\u00e7\u00e3o de fundos, iniciada no ano anterior. O processo de classifica\u00e7\u00e3o deste quadro como \u201cbem m\u00f3vel de interesse nacional\u201d decorreu entre 2021 e 2022.<\/p>\n<p>O an\u00fancio publicado em Di\u00e1rio da Rep\u00fablica, assinado pelo presidente da MMP, Alexandre Nobre Pais, tem a data de 22 de dezembro.<\/p>\n","protected":false},"excerpt":{"rendered":"A Museus e Monumento de Portugal (MMP) iniciou o procedimento de classifica\u00e7\u00e3o como bem m\u00f3vel de interesse nacional&hellip;\n","protected":false},"author":2,"featured_media":212273,"comment_status":"","ping_status":"","sticky":false,"template":"","format":"standard","meta":{"footnotes":""},"categories":[144],"tags":[207,205,206,203,201,202,204,114,115,32,33],"class_list":{"0":"post-212272","1":"post","2":"type-post","3":"status-publish","4":"format-standard","5":"has-post-thumbnail","7":"category-arte-e-design","8":"tag-arte","9":"tag-arte-e-design","10":"tag-artedesign","11":"tag-arts","12":"tag-arts-and-design","13":"tag-artsanddesign","14":"tag-design","15":"tag-entertainment","16":"tag-entretenimento","17":"tag-portugal","18":"tag-pt"},"share_on_mastodon":{"url":"https:\/\/pubeurope.com\/@pt\/115826806146957460","error":""},"_links":{"self":[{"href":"https:\/\/www.europesays.com\/pt\/wp-json\/wp\/v2\/posts\/212272","targetHints":{"allow":["GET"]}}],"collection":[{"href":"https:\/\/www.europesays.com\/pt\/wp-json\/wp\/v2\/posts"}],"about":[{"href":"https:\/\/www.europesays.com\/pt\/wp-json\/wp\/v2\/types\/post"}],"author":[{"embeddable":true,"href":"https:\/\/www.europesays.com\/pt\/wp-json\/wp\/v2\/users\/2"}],"replies":[{"embeddable":true,"href":"https:\/\/www.europesays.com\/pt\/wp-json\/wp\/v2\/comments?post=212272"}],"version-history":[{"count":0,"href":"https:\/\/www.europesays.com\/pt\/wp-json\/wp\/v2\/posts\/212272\/revisions"}],"wp:featuredmedia":[{"embeddable":true,"href":"https:\/\/www.europesays.com\/pt\/wp-json\/wp\/v2\/media\/212273"}],"wp:attachment":[{"href":"https:\/\/www.europesays.com\/pt\/wp-json\/wp\/v2\/media?parent=212272"}],"wp:term":[{"taxonomy":"category","embeddable":true,"href":"https:\/\/www.europesays.com\/pt\/wp-json\/wp\/v2\/categories?post=212272"},{"taxonomy":"post_tag","embeddable":true,"href":"https:\/\/www.europesays.com\/pt\/wp-json\/wp\/v2\/tags?post=212272"}],"curies":[{"name":"wp","href":"https:\/\/api.w.org\/{rel}","templated":true}]}}