{"id":212300,"date":"2026-01-02T18:25:11","date_gmt":"2026-01-02T18:25:11","guid":{"rendered":"https:\/\/www.europesays.com\/pt\/212300\/"},"modified":"2026-01-02T18:25:11","modified_gmt":"2026-01-02T18:25:11","slug":"cinemas-nos-alvalaxia-em-lisboa-fecharam-portas-na-quinta-feira","status":"publish","type":"post","link":"https:\/\/www.europesays.com\/pt\/212300\/","title":{"rendered":"Cinemas NOS Alval\u00e1xia em Lisboa fecharam portas na quinta-feira"},"content":{"rendered":"<p>                Este respons\u00e1vel disse que o Sporting n\u00e3o renovou o acordo de explora\u00e7\u00e3o com a exibidora NOS e remeteu mais explica\u00e7\u00f5es para o clube desportivo.&#8221;Eram salas que gost\u00e1vamos de ter, mas foi essa a decis\u00e3o&#8221;, disse Nuno Aguiar.<\/p>\n<p>Contactada pela Lusa, fonte oficial do Sporting Clube de Portugal explicou hoje que as salas de cinema ser\u00e3o reconvertidas num &#8220;novo espa\u00e7o pioneiro de experi\u00eancia imersiva&#8221;, no \u00e2mbito de um projeto de requalifica\u00e7\u00e3o do complexo Alval\u00e1xia.<\/p>\n<p>Ser\u00e1 &#8220;um espa\u00e7o inovador, alinhado com as novas formas de consumo de entretenimento e com a vis\u00e3o estrat\u00e9gica do clube para o seu ecossistema desportivo, cultural e de lazer&#8221;, e a interven\u00e7\u00e3o &#8220;ser\u00e1 realizada de forma faseada&#8221;, num &#8220;processo de transi\u00e7\u00e3o estruturado e orientado para a prepara\u00e7\u00e3o da pr\u00f3xima \u00e9poca&#8221;, referiu a mesma fonte.<\/p>\n<p>Esta fonte indicou ainda que j\u00e1 foi feito um pedido de desafeta\u00e7\u00e3o de atividade cinematogr\u00e1fica dos recintos \u00e0 Inspe\u00e7\u00e3o-Geral das Atividades Culturais (IGAC), que, segundo a lei, ter\u00e1 de ser aprovado pelo Minist\u00e9rio da Cultura.<\/p>\n<p>Em agosto de 2025, o Sporting anunciou a conclus\u00e3o da compra do espa\u00e7o comercial Alval\u00e1xia (onde est\u00e1 integrado o complexo de cinema), numa opera\u00e7\u00e3o avaliada em 17 milh\u00f5es de euros, no \u00e2mbito do projeto &#8220;Cidade Sporting&#8221;, que dever\u00e1 incluir a cria\u00e7\u00e3o de um museu do clube.<\/p>\n<p>&#8220;A aquisi\u00e7\u00e3o do Alval\u00e1xia constitui um marco de grande relev\u00e2ncia no caminho definido pelo clube para afirmar-se como um eixo de entretenimento de excel\u00eancia \u00e0 escala global&#8221;, referiu o clube desportivo em comunicado, no ver\u00e3o passado.<\/p>\n<p>Atualmente denominado Cinemas NOS Alval\u00e1xia, este complexo chegou a ter 16 salas \u00e0 data da inaugura\u00e7\u00e3o, em 2003, numa zona comercial no ent\u00e3o novo est\u00e1dio Jos\u00e9 Alvalade, do Sporting Clube de Portugal, em Lisboa.<\/p>\n<p>Na altura, este cinema &#8211; designado Cinemas Millenium Lisboa &#8211; era explorado pelo produtor Paulo Branco e uma das 16 salas tinha um sistema in\u00e9dito de proje\u00e7\u00e3o digital. Para a abertura foi anunciada a presen\u00e7a da atriz francesa Catherine Deneuve.<\/p>\n<p>Segundo os dados mais recentes coligidos pelo Instituto do Cinema e do Audiovisual (ICA), em 2025 este complexo de cinemas NOS Alval\u00e1xia acolheu 121.783 espectadores, abaixo dos 193.992 espectadores contabilizados em 2024.<\/p>\n<p>Em 2019, antes da pandemia da covid-19, aquele cinema registou 275.776 entradas.<\/p>\n<p>A exibidora NOS Cinemas detinha 218 salas de cinema das 565 a operar em todo o pa\u00eds, segundo dados contabilizados pelo ICA at\u00e9 novembro passado.&#13;\n            <\/p>\n","protected":false},"excerpt":{"rendered":"Este respons\u00e1vel disse que o Sporting n\u00e3o renovou o acordo de explora\u00e7\u00e3o com a exibidora NOS e remeteu&hellip;\n","protected":false},"author":2,"featured_media":212301,"comment_status":"","ping_status":"","sticky":false,"template":"","format":"standard","meta":{"footnotes":""},"categories":[8],"tags":[41569,11951,10028,41568,27,28,41570,15,16,14,25,26,21,22,12,13,19,20,32,23,24,33,17,18,29,30,31],"class_list":{"0":"post-212300","1":"post","2":"type-post","3":"status-publish","4":"format-standard","5":"has-post-thumbnail","7":"category-principais-noticias","8":"tag-aguiar-atualmente-cinemas","9":"tag-alvalade","10":"tag-alvalaxia","11":"tag-audiovisual-ica","12":"tag-breaking-news","13":"tag-breakingnews","14":"tag-cinemas-millenium","15":"tag-featured-news","16":"tag-featurednews","17":"tag-headlines","18":"tag-latest-news","19":"tag-latestnews","20":"tag-main-news","21":"tag-mainnews","22":"tag-news","23":"tag-noticias","24":"tag-noticias-principais","25":"tag-noticiasprincipais","26":"tag-portugal","27":"tag-principais-noticias","28":"tag-principaisnoticias","29":"tag-pt","30":"tag-top-stories","31":"tag-topstories","32":"tag-ultimas","33":"tag-ultimas-noticias","34":"tag-ultimasnoticias"},"share_on_mastodon":{"url":"https:\/\/pubeurope.com\/@pt\/115826912397536376","error":""},"_links":{"self":[{"href":"https:\/\/www.europesays.com\/pt\/wp-json\/wp\/v2\/posts\/212300","targetHints":{"allow":["GET"]}}],"collection":[{"href":"https:\/\/www.europesays.com\/pt\/wp-json\/wp\/v2\/posts"}],"about":[{"href":"https:\/\/www.europesays.com\/pt\/wp-json\/wp\/v2\/types\/post"}],"author":[{"embeddable":true,"href":"https:\/\/www.europesays.com\/pt\/wp-json\/wp\/v2\/users\/2"}],"replies":[{"embeddable":true,"href":"https:\/\/www.europesays.com\/pt\/wp-json\/wp\/v2\/comments?post=212300"}],"version-history":[{"count":0,"href":"https:\/\/www.europesays.com\/pt\/wp-json\/wp\/v2\/posts\/212300\/revisions"}],"wp:featuredmedia":[{"embeddable":true,"href":"https:\/\/www.europesays.com\/pt\/wp-json\/wp\/v2\/media\/212301"}],"wp:attachment":[{"href":"https:\/\/www.europesays.com\/pt\/wp-json\/wp\/v2\/media?parent=212300"}],"wp:term":[{"taxonomy":"category","embeddable":true,"href":"https:\/\/www.europesays.com\/pt\/wp-json\/wp\/v2\/categories?post=212300"},{"taxonomy":"post_tag","embeddable":true,"href":"https:\/\/www.europesays.com\/pt\/wp-json\/wp\/v2\/tags?post=212300"}],"curies":[{"name":"wp","href":"https:\/\/api.w.org\/{rel}","templated":true}]}}