{"id":212304,"date":"2026-01-02T18:29:19","date_gmt":"2026-01-02T18:29:19","guid":{"rendered":"https:\/\/www.europesays.com\/pt\/212304\/"},"modified":"2026-01-02T18:29:19","modified_gmt":"2026-01-02T18:29:19","slug":"foi-uma-chapada-para-ele-filha-de-marisa-e-pedro-jorge-e-fanatica-por-liliana-mas-nem-assim-a-finalista-da-casa-dos-segredos-perdoa-o-casal-estrelas","status":"publish","type":"post","link":"https:\/\/www.europesays.com\/pt\/212304\/","title":{"rendered":"\u201cFoi uma chapada para ele\u201d: Filha de Marisa e Pedro Jorge \u00e9 fan\u00e1tica por Liliana, mas nem assim a finalista da Casa dos Segredos perdoa o casal &#8211; Estrelas"},"content":{"rendered":"<p>Por esta \u00e9 que ningu\u00e9m esperava. Afinal, Liliana Oliveira, de 24 anos de idade, tem uma f\u00e3 muito especial e de que ningu\u00e9m estava \u00e0 espera. A pequena Yara, de 5 anos de idade, filha de Pedro Jorge e Marisa Pires era uma fiel defensora da psic\u00f3loga e, na grande final da \u2018Casa dos Segredos 9\u2019 teve a oportunidade de a conhecer. <\/p>\n<p>        &#13;<\/p>\n<p>                        &#13;<br \/>\n                            <img decoding=\"async\" src=\"https:\/\/www.europesays.com\/pt\/wp-content\/uploads\/2026\/01\/img_220x220uu2026-01-01-10-24-57-401352-im-639028722161388405.jpg\" class=\"img_fluid\" loading=\"lazy\" alt=\"\"\/>&#13;<\/p>\n<p class=\"title\">Ler tamb\u00e9m<\/p>\n<p>                    <a href=\"https:\/\/www.tvguia.pt\/videos\/detalhe\/o-que-a-tvi-nao-mostrou-o-momento-em-que-fabio-e-liliana-se-beijam-a-frente-das-familias-apos-a-final-da-casa-dos-segredos\" class=\"streched_link\" title=\"\" content_list_position=\"1\" rel=\"nofollow noopener\" target=\"_blank\">O que a TVI n\u00e3o mostrou: o momento em que F\u00e1bio e Liliana se beijam \u00e0 frente das fam\u00edlias ap\u00f3s a final da Casa dos Segredos<\/a><\/p>\n<p>            &#13;<\/p>\n<p>Algo que deixou a medalha de bronze completamente rendida. <b>\u201cFoi das primeiras coisas de que me apercebi e disse logo ao Pedro \u2018vais ter um problema muito grande, a tua filha \u00e9 fan\u00e1tica pela Liliana\u2019\u201d<\/b>, come\u00e7a por recordar, em exclusivo, \u00e0 TV Guia, ela que viu a menina n\u00e3o a largar durante muito tempo. <b>\u201cEla esteve sempre comigo, n\u00e3o sa\u00eda do meu colo. Deve ser um choque para o Pedro e a Marisa, porque era a Liliana\u201d<\/b>, acrescenta. <\/p>\n<p>        &#8220;Ela esteve sempre comigo, n\u00e3o sa\u00eda do meu colo. Deve ser um choque para o Pedro e a Marisa&#8221;<\/p>\n<p>liliana oliveira<\/p>\n<p>Ali\u00e1s, a namorada de F\u00e1bio acredita que esta atitude de Yara <b>\u201cfoi uma chapada\u201d<\/b> para o grande vencedor. <\/p>\n<p>Por\u00e9m, nem isso os dever\u00e1 aproximar. \u00c9 que Liliana Oliveira n\u00e3o perdoa o casal e, por isso mesmo, n\u00e3o se imagina a ter qualquer tipo de rela\u00e7\u00e3o de amizade com eles:<b> \u201cO Pedro nunca me fez um pedido de desculpas, defendi-o muitas vezes, ele era ingrato comigo, sempre que me via em baixo, dava ainda mais um chuto. Claro que n\u00e3o digo nunca, mas tamb\u00e9m n\u00e3o digo que v\u00e1 acontecer. \u00c9 algo em que n\u00e3o penso\u201d<\/b>, destaca. <\/p>\n<p>        &#13;<\/p>\n<p>                        &#13;<br \/>\n                            <img decoding=\"async\" src=\"https:\/\/www.europesays.com\/pt\/wp-content\/uploads\/2026\/01\/img_220x220uu2025-09-22-11-00-21-395027-im-638942461177085176.jpg\" class=\"img_fluid\" loading=\"lazy\" alt=\"\"\/>&#13;<\/p>\n<p class=\"title\">Ler tamb\u00e9m<\/p>\n<p>                    <a href=\"https:\/\/www.tvguia.pt\/estrelas\/detalhe\/ameacas-e-um-pedido-inesperado-ze-pedro-ja-falou-com-liliana-apos-o-fim-da-casa-dos-segredos-e-e-exposto-pela-ex-noiva\" class=\"streched_link\" title=\"\" content_list_position=\"2\" rel=\"nofollow noopener\" target=\"_blank\">Amea\u00e7as e um pedido inesperado: Z\u00e9 Pedro j\u00e1 falou com Liliana ap\u00f3s o fim da Casa dos Segredos e \u00e9 exposto pela ex-noiva <\/a><\/p>\n<p>            &#13;<\/p>\n<p>Por fim, ainda acrescenta: <b>\u201cForam pessoas que me magoaram muito. Para gostar \u00e9 muito forte, a maneira como a Marisa \u00e9, a postura dela, o ser expont\u00e2nea, at\u00e9 me posso identificar, mas n\u00e3o sei se isso ser\u00e1 suficiente. N\u00e3o gosto de dizer nunca, mas n\u00e3o estou a ver essa aproxima\u00e7\u00e3o\u201d<\/b>, remata. <\/p>\n<p>            &#13;<br \/>\n                &#13;<\/p>\n<p>            &#13;<br \/>\n                &#13;<br \/>\n&#13;<br \/>\n&#13;<br \/>\n    &#13;<br \/>\n&#13;<br \/>\n&#13;<\/p>\n","protected":false},"excerpt":{"rendered":"Por esta \u00e9 que ningu\u00e9m esperava. Afinal, Liliana Oliveira, de 24 anos de idade, tem uma f\u00e3 muito&hellip;\n","protected":false},"author":2,"featured_media":212305,"comment_status":"","ping_status":"","sticky":false,"template":"","format":"standard","meta":{"footnotes":""},"categories":[142],"tags":[2632,114,115,1627,1017,21416,32,33,151,40743],"class_list":{"0":"post-212304","1":"post","2":"type-post","3":"status-publish","4":"format-standard","5":"has-post-thumbnail","7":"category-tv","8":"tag-casa-dos-segredos","9":"tag-entertainment","10":"tag-entretenimento","11":"tag-max","12":"tag-namoro","13":"tag-pedro-jorge","14":"tag-portugal","15":"tag-pt","16":"tag-tv","17":"tag-tv-guia"},"share_on_mastodon":{"url":"https:\/\/pubeurope.com\/@pt\/115826928051238060","error":""},"_links":{"self":[{"href":"https:\/\/www.europesays.com\/pt\/wp-json\/wp\/v2\/posts\/212304","targetHints":{"allow":["GET"]}}],"collection":[{"href":"https:\/\/www.europesays.com\/pt\/wp-json\/wp\/v2\/posts"}],"about":[{"href":"https:\/\/www.europesays.com\/pt\/wp-json\/wp\/v2\/types\/post"}],"author":[{"embeddable":true,"href":"https:\/\/www.europesays.com\/pt\/wp-json\/wp\/v2\/users\/2"}],"replies":[{"embeddable":true,"href":"https:\/\/www.europesays.com\/pt\/wp-json\/wp\/v2\/comments?post=212304"}],"version-history":[{"count":0,"href":"https:\/\/www.europesays.com\/pt\/wp-json\/wp\/v2\/posts\/212304\/revisions"}],"wp:featuredmedia":[{"embeddable":true,"href":"https:\/\/www.europesays.com\/pt\/wp-json\/wp\/v2\/media\/212305"}],"wp:attachment":[{"href":"https:\/\/www.europesays.com\/pt\/wp-json\/wp\/v2\/media?parent=212304"}],"wp:term":[{"taxonomy":"category","embeddable":true,"href":"https:\/\/www.europesays.com\/pt\/wp-json\/wp\/v2\/categories?post=212304"},{"taxonomy":"post_tag","embeddable":true,"href":"https:\/\/www.europesays.com\/pt\/wp-json\/wp\/v2\/tags?post=212304"}],"curies":[{"name":"wp","href":"https:\/\/api.w.org\/{rel}","templated":true}]}}