{"id":212333,"date":"2026-01-02T18:52:07","date_gmt":"2026-01-02T18:52:07","guid":{"rendered":"https:\/\/www.europesays.com\/pt\/212333\/"},"modified":"2026-01-02T18:52:07","modified_gmt":"2026-01-02T18:52:07","slug":"mais-de-duas-dezenas-de-assistidos-por-intoxicacao-no-centro-social-de-lagares-em-penafiel","status":"publish","type":"post","link":"https:\/\/www.europesays.com\/pt\/212333\/","title":{"rendered":"Mais de duas dezenas de assistidos por intoxica\u00e7\u00e3o no Centro Social de Lagares em Penafiel"},"content":{"rendered":"<p data-remotead-prev-elm=\"true\" data-remotead-elm-id=\"inread\">No total, foram assistidas 21 pessoas, sendo que 15 delas foram transportadas para os hospitais Padre Am\u00e9rico, em Penafiel, e S\u00e3o Jo\u00e3o, no Porto. As restantes sete est\u00e3o a ser assistidas no local e avaliada a necessidade de receberem tratamento hospitalar.<\/p>\n<p>Na origem do incidente est\u00e1 uma fuga de g\u00e1s, em local que ainda n\u00e3o foi identificado, mas que provocou mal-estar entre os utentes e funcion\u00e1rios do Centro de Dia.<\/p>\n<p>No local est\u00e3o os Bombeiros de Pa\u00e7o de Sousa e a Viatura M\u00e9dica de Emerg\u00eancia e Reanima\u00e7\u00e3o (VMER) do Vale do Sousa.<\/p>\n","protected":false},"excerpt":{"rendered":"No total, foram assistidas 21 pessoas, sendo que 15 delas foram transportadas para os hospitais Padre Am\u00e9rico, em&hellip;\n","protected":false},"author":2,"featured_media":212334,"comment_status":"","ping_status":"","sticky":false,"template":"","format":"standard","meta":{"footnotes":""},"categories":[10],"tags":[27,28,27574,15,16,14,23767,25,26,21,22,40217,12,13,19,20,32,23,24,33,17,18,29,30,31],"class_list":{"0":"post-212333","1":"post","2":"type-post","3":"status-publish","4":"format-standard","5":"has-post-thumbnail","7":"category-portugal","8":"tag-breaking-news","9":"tag-breakingnews","10":"tag-concelho-penafiel","11":"tag-featured-news","12":"tag-featurednews","13":"tag-headlines","14":"tag-intoxicacao","15":"tag-latest-news","16":"tag-latestnews","17":"tag-main-news","18":"tag-mainnews","19":"tag-monoxido-de-carbono","20":"tag-news","21":"tag-noticias","22":"tag-noticias-principais","23":"tag-noticiasprincipais","24":"tag-portugal","25":"tag-principais-noticias","26":"tag-principaisnoticias","27":"tag-pt","28":"tag-top-stories","29":"tag-topstories","30":"tag-ultimas","31":"tag-ultimas-noticias","32":"tag-ultimasnoticias"},"share_on_mastodon":{"url":"https:\/\/pubeurope.com\/@pt\/115827018906831256","error":""},"_links":{"self":[{"href":"https:\/\/www.europesays.com\/pt\/wp-json\/wp\/v2\/posts\/212333","targetHints":{"allow":["GET"]}}],"collection":[{"href":"https:\/\/www.europesays.com\/pt\/wp-json\/wp\/v2\/posts"}],"about":[{"href":"https:\/\/www.europesays.com\/pt\/wp-json\/wp\/v2\/types\/post"}],"author":[{"embeddable":true,"href":"https:\/\/www.europesays.com\/pt\/wp-json\/wp\/v2\/users\/2"}],"replies":[{"embeddable":true,"href":"https:\/\/www.europesays.com\/pt\/wp-json\/wp\/v2\/comments?post=212333"}],"version-history":[{"count":0,"href":"https:\/\/www.europesays.com\/pt\/wp-json\/wp\/v2\/posts\/212333\/revisions"}],"wp:featuredmedia":[{"embeddable":true,"href":"https:\/\/www.europesays.com\/pt\/wp-json\/wp\/v2\/media\/212334"}],"wp:attachment":[{"href":"https:\/\/www.europesays.com\/pt\/wp-json\/wp\/v2\/media?parent=212333"}],"wp:term":[{"taxonomy":"category","embeddable":true,"href":"https:\/\/www.europesays.com\/pt\/wp-json\/wp\/v2\/categories?post=212333"},{"taxonomy":"post_tag","embeddable":true,"href":"https:\/\/www.europesays.com\/pt\/wp-json\/wp\/v2\/tags?post=212333"}],"curies":[{"name":"wp","href":"https:\/\/api.w.org\/{rel}","templated":true}]}}