{"id":212339,"date":"2026-01-02T18:57:11","date_gmt":"2026-01-02T18:57:11","guid":{"rendered":"https:\/\/www.europesays.com\/pt\/212339\/"},"modified":"2026-01-02T18:57:11","modified_gmt":"2026-01-02T18:57:11","slug":"vem-ai-em-terra-forte-amor-proibido-leva-sammy-a-quebrar-regras-para-ver-flor-em-dia-importante-novelas","status":"publish","type":"post","link":"https:\/\/www.europesays.com\/pt\/212339\/","title":{"rendered":"Vem a\u00ed em \u00abTerra Forte\u00bb: Amor proibido leva Sammy a quebrar regras para ver Flor em dia importante &#8211; Novelas"},"content":{"rendered":"<p>Em \u00abTerra Forte\u00bb, <a href=\"https:\/\/tvi.iol.pt\/novelas\/videos\/terra-forte-sammy-fica-sem-chao-ao-descobrir-que-flor-e-a-mae-de-rosinha\/68f7b83e0cf29d28d8297a75\" rel=\"nofollow noopener\" target=\"_blank\">Sammy (Jos\u00e9 Fidalgo)<\/a>\u00a0desabafa com <a href=\"https:\/\/tvi.iol.pt\/novelas\/videos\/terra-forte-maria-de-fatima-e-cobra-sao-cumplices-em-varios-crimes\/6900dcc00cf29d28d82991f2\" rel=\"nofollow noopener\" target=\"_blank\">Cobra (Ricardo Burgos)<\/a>\u00a0a frustra\u00e7\u00e3o de n\u00e3o poder estar com <a href=\"https:\/\/tvi.iol.pt\/novelas\/videos\/terra-forte-no-dia-do-seu-aniversario-flor-recebe-uma-visita-inesperada\/68f65c7a0cf29d28d82976c8\" rel=\"nofollow noopener\" target=\"_blank\">Flor (Benedita Pereira)<\/a>\u00a0no dia em que ela sai do hospital, e Cobra incentiva-o a manter-se firme.<\/p>\n<p>Sammy, impaciente por not\u00edcias de Flor, decide ir a casa aproveitar a hora de almo\u00e7o para a ver. Cobra recebe chamada de Caio (Bruno Cabrerizo) para almo\u00e7arem para lhe contar as novidades.<\/p>\n<p>Recorde-se que Sammy confessou a Maria de F\u00e1tima gostar de Flor:<\/p>\n","protected":false},"excerpt":{"rendered":"Em \u00abTerra Forte\u00bb, Sammy (Jos\u00e9 Fidalgo)\u00a0desabafa com Cobra (Ricardo Burgos)\u00a0a frustra\u00e7\u00e3o de n\u00e3o poder estar com Flor (Benedita&hellip;\n","protected":false},"author":2,"featured_media":212340,"comment_status":"","ping_status":"","sticky":false,"template":"","format":"standard","meta":{"footnotes":""},"categories":[142],"tags":[160,7951,166,114,115,157,167,164,161,158,165,159,32,33,156,31381,18614,163,151,162],"class_list":{"0":"post-212339","1":"post","2":"type-post","3":"status-publish","4":"format-standard","5":"has-post-thumbnail","7":"category-tv","8":"tag-ana-guiomar","9":"tag-benedita-pereira","10":"tag-cristina-ferreira","11":"tag-entertainment","12":"tag-entretenimento","13":"tag-festa-e-festa","14":"tag-ficcao","15":"tag-jose-fidalgo","16":"tag-novelas","17":"tag-para-sempre","18":"tag-pedro-sousa","19":"tag-pedro-teixeira","20":"tag-portugal","21":"tag-pt","22":"tag-queridos-papas","23":"tag-ricardo-burgos","24":"tag-terra-forte","25":"tag-tiago-teotonio-pereira","26":"tag-tv","27":"tag-tvi"},"share_on_mastodon":{"url":"https:\/\/pubeurope.com\/@pt\/115827038150739752","error":""},"_links":{"self":[{"href":"https:\/\/www.europesays.com\/pt\/wp-json\/wp\/v2\/posts\/212339","targetHints":{"allow":["GET"]}}],"collection":[{"href":"https:\/\/www.europesays.com\/pt\/wp-json\/wp\/v2\/posts"}],"about":[{"href":"https:\/\/www.europesays.com\/pt\/wp-json\/wp\/v2\/types\/post"}],"author":[{"embeddable":true,"href":"https:\/\/www.europesays.com\/pt\/wp-json\/wp\/v2\/users\/2"}],"replies":[{"embeddable":true,"href":"https:\/\/www.europesays.com\/pt\/wp-json\/wp\/v2\/comments?post=212339"}],"version-history":[{"count":0,"href":"https:\/\/www.europesays.com\/pt\/wp-json\/wp\/v2\/posts\/212339\/revisions"}],"wp:featuredmedia":[{"embeddable":true,"href":"https:\/\/www.europesays.com\/pt\/wp-json\/wp\/v2\/media\/212340"}],"wp:attachment":[{"href":"https:\/\/www.europesays.com\/pt\/wp-json\/wp\/v2\/media?parent=212339"}],"wp:term":[{"taxonomy":"category","embeddable":true,"href":"https:\/\/www.europesays.com\/pt\/wp-json\/wp\/v2\/categories?post=212339"},{"taxonomy":"post_tag","embeddable":true,"href":"https:\/\/www.europesays.com\/pt\/wp-json\/wp\/v2\/tags?post=212339"}],"curies":[{"name":"wp","href":"https:\/\/api.w.org\/{rel}","templated":true}]}}