{"id":212343,"date":"2026-01-02T19:00:08","date_gmt":"2026-01-02T19:00:08","guid":{"rendered":"https:\/\/www.europesays.com\/pt\/212343\/"},"modified":"2026-01-02T19:00:08","modified_gmt":"2026-01-02T19:00:08","slug":"gil-vicente-0-0-sporting-arranca-a-partida-em-barcelos-futebol","status":"publish","type":"post","link":"https:\/\/www.europesays.com\/pt\/212343\/","title":{"rendered":"Gil Vicente 0 \u2013 0 Sporting | Arranca a partida em Barcelos &#8211; Futebol"},"content":{"rendered":"<p>&#13;<br \/>\n                                &#13;<\/p>\n<p class=\"\">&#13;<br \/>\n        O Sporting defronta esta sexta-feira o Gil Vicente, em Barcelos, em jogo a contar para a jornada 17 da Liga Portugal Betclic. Consulte as escolhas iniciais de C\u00e9sar Peixoto e Rui Borges para o encontro que est\u00e1 agendado para as 18h45.\u00a0&#13;\n    <\/p>\n<p>&#13;<br \/>\n&#13;<br \/>\n&#13;<br \/>\n                                &#13;<\/p>\n<p class=\"\">&#13;<br \/>\n        <b>ONZE DO GIL VICENTE:\u00a0<\/b>por definir&#13;\n    <\/p>\n<p>&#13;<br \/>\n&#13;<br \/>\n&#13;<br \/>\n                        &#13;<br \/>\n                                &#13;<\/p>\n<p class=\"\">&#13;<br \/>\n        Suplentes: por definir &#13;\n    <\/p>\n<p>&#13;<br \/>\n&#13;<br \/>\n&#13;<br \/>\n                                &#13;<\/p>\n<p class=\"\">&#13;<br \/>\n        <b>ONZE DO SPORTING:\u00a0<\/b>Rui Silva, Fresneda, Eduardo Quaresma, Gon\u00e7alo In\u00e1cio, Matheus Reis, Hjulmand, Jo\u00e3o Sim\u00f5es, Ioannidis, Maxi Ara\u00fajo, Trinc\u00e3o e Luis Su\u00e1rez&#13;\n    <\/p>\n<p>&#13;<br \/>\n&#13;<br \/>\n&#13;<br \/>\n                                &#13;<\/p>\n<p class=\"\">&#13;<br \/>\n        Suplentes: Jo\u00e3o Virg\u00ednia, Morita, Vagiannidis, Kochorashvili, Alisson, Rodrigo Ribeiro, R\u00f4mulo, Rodrigo Dias e Fl\u00e1vio Gon\u00e7alves  &#13;\n    <\/p>\n<p>&#13;<br \/>\n&#13;<br \/>\n&#13;<br \/>\n&#13;<br \/>\n                &#13;<br \/>\n&#13;<br \/>\n&#13;<br \/>\n        &#13;<\/p>\n<p>8&#8242;<\/p>\n<p class=\"evento_titulo\">&#13;<br \/>\n                <img decoding=\"async\" src=\"https:\/\/www.europesays.com\/pt\/wp-content\/uploads\/2026\/01\/img_84x84uu2021-08-28-02-06-30-1896284.png\" class=\"logo_clube\" alt=\"Fora de jogo!\"\/>Fora de jogo!&#13;\n            <\/p>\n<p class=\"lead\"> Gustavo Varela \u00e9 apanhado em posi\u00e7\u00e3o irregular. \u00c9 livre para o Sporting.<\/p>\n<p>            &#13;<br \/>\n        &#13;<br \/>\n&#13;<br \/>\n&#13;<\/p>\n","protected":false},"excerpt":{"rendered":"&#13; &#13; &#13; O Sporting defronta esta sexta-feira o Gil Vicente, em Barcelos, em jogo a contar para&hellip;\n","protected":false},"author":2,"featured_media":212344,"comment_status":"","ping_status":"","sticky":false,"template":"","format":"standard","meta":{"footnotes":""},"categories":[87],"tags":[14226,10855,135,40264,524,41573,4815,21554,3080,32,33,40735,134],"class_list":{"0":"post-212343","1":"post","2":"type-post","3":"status-publish","4":"format-standard","5":"has-post-thumbnail","7":"category-desporto","8":"tag-barcelos","9":"tag-cesar-peixoto","10":"tag-desporto","11":"tag-eduardo-quaresma","12":"tag-futebol","13":"tag-gil-vicente-futebol-clube","14":"tag-goncalo-inacio","15":"tag-joao-simoes","16":"tag-matheus-reis","17":"tag-portugal","18":"tag-pt","19":"tag-sporting-clube-de-portugal","20":"tag-sports"},"share_on_mastodon":{"url":"https:\/\/pubeurope.com\/@pt\/115827049964119963","error":""},"_links":{"self":[{"href":"https:\/\/www.europesays.com\/pt\/wp-json\/wp\/v2\/posts\/212343","targetHints":{"allow":["GET"]}}],"collection":[{"href":"https:\/\/www.europesays.com\/pt\/wp-json\/wp\/v2\/posts"}],"about":[{"href":"https:\/\/www.europesays.com\/pt\/wp-json\/wp\/v2\/types\/post"}],"author":[{"embeddable":true,"href":"https:\/\/www.europesays.com\/pt\/wp-json\/wp\/v2\/users\/2"}],"replies":[{"embeddable":true,"href":"https:\/\/www.europesays.com\/pt\/wp-json\/wp\/v2\/comments?post=212343"}],"version-history":[{"count":0,"href":"https:\/\/www.europesays.com\/pt\/wp-json\/wp\/v2\/posts\/212343\/revisions"}],"wp:featuredmedia":[{"embeddable":true,"href":"https:\/\/www.europesays.com\/pt\/wp-json\/wp\/v2\/media\/212344"}],"wp:attachment":[{"href":"https:\/\/www.europesays.com\/pt\/wp-json\/wp\/v2\/media?parent=212343"}],"wp:term":[{"taxonomy":"category","embeddable":true,"href":"https:\/\/www.europesays.com\/pt\/wp-json\/wp\/v2\/categories?post=212343"},{"taxonomy":"post_tag","embeddable":true,"href":"https:\/\/www.europesays.com\/pt\/wp-json\/wp\/v2\/tags?post=212343"}],"curies":[{"name":"wp","href":"https:\/\/api.w.org\/{rel}","templated":true}]}}