{"id":212357,"date":"2026-01-02T19:12:13","date_gmt":"2026-01-02T19:12:13","guid":{"rendered":"https:\/\/www.europesays.com\/pt\/212357\/"},"modified":"2026-01-02T19:12:13","modified_gmt":"2026-01-02T19:12:13","slug":"prefeitura-do-rio-reage-a-possibilidade-de-show-de-ariana-grande-em-copacabana","status":"publish","type":"post","link":"https:\/\/www.europesays.com\/pt\/212357\/","title":{"rendered":"Prefeitura do Rio reage \u00e0 possibilidade de show de Ariana Grande em Copacabana"},"content":{"rendered":"<p>                                Ler resumo &#13;<\/p>\n<p data-start=\"0\" data-end=\"249\" data-is-last-node=\"\" data-is-only-node=\"\">A Prefeitura do Rio falou sobre a vinda de Ariana Grande para Copacabana em 2026, ap\u00f3s interagir com f\u00e3s nas redes sociais. A resposta esfriou rumores sobre o &#8220;Aricabana&#8221; no projeto &#8220;Todo Mundo no Rio&#8221;.<\/p>\n<p>&#13;<\/p>\n<p>O \u201cAricabana\u201d n\u00e3o deve acontecer t\u00e3o cedo! A Prefeitura do Rio de Janeiro falou, nesta sexta-feira (2), sobre a possibilidade de <a href=\"https:\/\/hugogloss.uol.com.br\/tag\/ariana-grande\/\" rel=\"nofollow noopener\" target=\"_blank\">Ariana Grande<\/a> se apresentar em Copacabana neste ano.<\/p>\n<p>O perfil da prefeitura no X (antigo Twitter) iniciou 2026 interagindo com os seguidores. Em um post, a administra\u00e7\u00e3o perguntou: \u201cUm ano novinho na \u00e1rea e a prefeitura quer saber: quem voc\u00ea quer ver no \u2018Todo Mundo no Rio\u2019 de 2026?\u201c.<\/p>\n<p>Um dos internautas comentou a publica\u00e7\u00e3o com um gif de Ariana, e acabou surpreendido. \u201cA Glinda est\u00e1 ocupada fazendo filme, poxa!\u201c, respondeu a conta, referindo-se \u00e0 personagem da estrela em \u201c<a href=\"https:\/\/hugogloss.uol.com.br\/tag\/wicked\/\" rel=\"nofollow noopener\" target=\"_blank\">Wicked<\/a>\u201c.<\/p>\n<p> <img loading=\"lazy\" decoding=\"async\" class=\"wp-image-1205902 img-fluid lazy\" alt=\"\" width=\"410\" height=\"497\" src=\"https:\/\/www.europesays.com\/pt\/wp-content\/uploads\/2026\/01\/Captura-de-tela-2026-01-02-134221-412x499.png\"  \/>Prefeitura se manifesta sobre Ariana no RJ. (Foto: Reprodu\u00e7\u00e3o\/X) <\/p>\n<p>Outras cantoras tamb\u00e9m foram citadas pelos usu\u00e1rios. Em um post que mencionava <a href=\"https:\/\/hugogloss.uol.com.br\/tag\/shakira\/\" rel=\"nofollow noopener\" target=\"_blank\">Shakira<\/a>, a prefeitura, <a href=\"https:\/\/hugogloss.uol.com.br\/famosos\/shakira-revela-se-descobriu-traicao-de-pique-por-conta-de-geleia-de-morango\/\" rel=\"nofollow noopener\" target=\"_blank\">referindo-se \u00e0s especula\u00e7\u00f5es em torno da separa\u00e7\u00e3o da cantora<\/a>, brincou: \u201cAqui ningu\u00e9m ia mexer na geleia dela\u201c. Depois de citarem <a href=\"https:\/\/hugogloss.uol.com.br\/tag\/celine-dion\/\" rel=\"nofollow noopener\" target=\"_blank\">Celine Dion<\/a>, a administra\u00e7\u00e3o comentou: \u201cA ic\u00f4nica Rainha das Power Ballads \u00e9 uma diva mesmo!\u201c. Quanto a <a href=\"https:\/\/hugogloss.uol.com.br\/tag\/sabrina-carpenter\/\" rel=\"nofollow noopener\" target=\"_blank\">Sabrina Carpenter<\/a>, o perfil escreveu: \u201cMas o show \u00e9 em Copa e ela \u00e9 a Ipanema Brina, poxa!\u201c.<\/p>\n<p>Nomes como <a href=\"https:\/\/hugogloss.uol.com.br\/tag\/beyonce\/\" rel=\"nofollow noopener\" target=\"_blank\">Beyonc\u00e9<\/a> e <a href=\"https:\/\/hugogloss.uol.com.br\/tag\/rihanna\/\" rel=\"nofollow noopener\" target=\"_blank\">Rihanna<\/a> tamb\u00e9m foram lembrados.\u00a0 \u201cEu tinha quase certeza de que voc\u00eas j\u00e1 tinham anunciado a Beyonc\u00e9\u201c, disse um. \u201cA Queen B n\u00e3o \u00e9 de quase certezas\u201c, respondeu a prefeitura. \u201cSe voc\u00eas quiseram marcar hist\u00f3ria, tem nome, RIHANNA\u201c, sugeriu outro. \u201cJ\u00e1 pensou que tudo? Ia ter show, cosm\u00e9tico, pijama e crian\u00e7a pra gente tomar conta\u201c, brincou a prefeitura.<\/p>\n<p> <img loading=\"lazy\" decoding=\"async\" class=\"wp-image-1205904 img-fluid lazy\" alt=\"\" width=\"410\" height=\"159\" src=\"https:\/\/www.europesays.com\/pt\/wp-content\/uploads\/2026\/01\/Captura-de-tela-2026-01-02-135002-617x239.png\"  \/>(Foto: Reprodu\u00e7\u00e3o\/X) <img loading=\"lazy\" decoding=\"async\" class=\"wp-image-1205903 img-fluid lazy\" alt=\"\" width=\"412\" height=\"129\" src=\"https:\/\/www.europesays.com\/pt\/wp-content\/uploads\/2026\/01\/Captura-de-tela-2026-01-02-134953-617x193.png\"  \/>(Foto: Reprodu\u00e7\u00e3o\/X) Continua depois da Publicidade <\/p>\n<p>Os rumores sobre um poss\u00edvel megashow de Ariana Grande no Brasil surgiram em novembro passado. Em entrevista ao Splash UOL, ela reagiu com carinho aos pedidos dos arianators brasileiros. \u201cMeus f\u00e3s no Brasil s\u00e3o os mais incr\u00edveis do mundo. A \u00faltima vez foi uma das experi\u00eancias mais incr\u00edveis da minha vida. Eu sinto falta de voc\u00eas e amo muito voc\u00eas\u201c, respondeu.<\/p>\n<p>O \u201cTodo Mundo no Rio\u201d \u00e9 uma s\u00e9rie de megashows gratuitos promovido pela prefeitura do Rio de Janeiro e produzido pela Bonus Track. O projeto acontece na Praia de Copacabana, durante o m\u00eas de maio, e j\u00e1 contou com apresenta\u00e7\u00f5es de <a href=\"https:\/\/hugogloss.uol.com.br\/tag\/madonna\/\" rel=\"nofollow noopener\" target=\"_blank\">Madonna<\/a>, em 2024, e <a href=\"https:\/\/hugogloss.uol.com.br\/tag\/lady-gaga\/\" rel=\"nofollow noopener\" target=\"_blank\">Lady Gaga<\/a>, em 2025.<\/p>\n<p>                                                                    <a id=\"google-news\" class=\"google-news\" href=\"https:\/\/news.google.com\/publications\/CAAqBwgKMM6ViAswv82GAw?ceid=BR:pt-419&amp;amp;oc=3&amp;amp;hl=pt-BR&amp;amp;gl=BR\" target=\"_blank\" rel=\"nofollow noopener\"><\/p>\n<p>                                            Siga a <strong> Hugo Gloss no Google News<\/strong> e acompanhe nossos destaques<\/p>\n<p>                                    <\/a><\/p>\n","protected":false},"excerpt":{"rendered":"Ler resumo &#13; A Prefeitura do Rio falou sobre a vinda de Ariana Grande para Copacabana em 2026,&hellip;\n","protected":false},"author":2,"featured_media":212358,"comment_status":"","ping_status":"","sticky":false,"template":"","format":"standard","meta":{"footnotes":""},"categories":[141],"tags":[1940,2456,114,115,149,150,32,33,2326,574],"class_list":{"0":"post-212357","1":"post","2":"type-post","3":"status-publish","4":"format-standard","5":"has-post-thumbnail","7":"category-musica","8":"tag-ariana-grande","9":"tag-copacabana","10":"tag-entertainment","11":"tag-entretenimento","12":"tag-music","13":"tag-musica","14":"tag-portugal","15":"tag-pt","16":"tag-rio-de-janeiro","17":"tag-show"},"share_on_mastodon":{"url":"https:\/\/pubeurope.com\/@pt\/115827097144472119","error":""},"_links":{"self":[{"href":"https:\/\/www.europesays.com\/pt\/wp-json\/wp\/v2\/posts\/212357","targetHints":{"allow":["GET"]}}],"collection":[{"href":"https:\/\/www.europesays.com\/pt\/wp-json\/wp\/v2\/posts"}],"about":[{"href":"https:\/\/www.europesays.com\/pt\/wp-json\/wp\/v2\/types\/post"}],"author":[{"embeddable":true,"href":"https:\/\/www.europesays.com\/pt\/wp-json\/wp\/v2\/users\/2"}],"replies":[{"embeddable":true,"href":"https:\/\/www.europesays.com\/pt\/wp-json\/wp\/v2\/comments?post=212357"}],"version-history":[{"count":0,"href":"https:\/\/www.europesays.com\/pt\/wp-json\/wp\/v2\/posts\/212357\/revisions"}],"wp:featuredmedia":[{"embeddable":true,"href":"https:\/\/www.europesays.com\/pt\/wp-json\/wp\/v2\/media\/212358"}],"wp:attachment":[{"href":"https:\/\/www.europesays.com\/pt\/wp-json\/wp\/v2\/media?parent=212357"}],"wp:term":[{"taxonomy":"category","embeddable":true,"href":"https:\/\/www.europesays.com\/pt\/wp-json\/wp\/v2\/categories?post=212357"},{"taxonomy":"post_tag","embeddable":true,"href":"https:\/\/www.europesays.com\/pt\/wp-json\/wp\/v2\/tags?post=212357"}],"curies":[{"name":"wp","href":"https:\/\/api.w.org\/{rel}","templated":true}]}}