{"id":212361,"date":"2026-01-02T19:14:09","date_gmt":"2026-01-02T19:14:09","guid":{"rendered":"https:\/\/www.europesays.com\/pt\/212361\/"},"modified":"2026-01-02T19:14:09","modified_gmt":"2026-01-02T19:14:09","slug":"so-um-visionario-poderia-ter-vislumbrado-certas-qualidades-em-hjulmand","status":"publish","type":"post","link":"https:\/\/www.europesays.com\/pt\/212361\/","title":{"rendered":"\u00abS\u00f3 um vision\u00e1rio poderia ter vislumbrado certas qualidades em Hjulmand\u00bb"},"content":{"rendered":"<p>Sticchi Damiani, presidente do <a class=\"autolink-enabled\" data-resource-id=\"256\" data-resource-type=\"team\" data-sport=\"football\" href=\"https:\/\/www.abola.pt\/futebol\/lecce-256\" rel=\"nofollow noopener\" target=\"_blank\">Lecce<\/a>, recordou a passagem de <a class=\"autolink-enabled\" data-resource-id=\"196481\" data-resource-type=\"player\" data-sport=\"football\" href=\"https:\/\/www.abola.pt\/futebol\/jogador\/morten-hjulmand-196481\" rel=\"nofollow noopener\" target=\"_blank\">Morten Hjulmand<\/a>, atual capit\u00e3o do <a class=\"autolink-enabled\" data-resource-id=\"448\" data-resource-type=\"team\" data-sport=\"football\" href=\"https:\/\/www.abola.pt\/futebol\/sporting-448\" rel=\"nofollow noopener\" target=\"_blank\">Sporting<\/a>, pelo clube. \u00a0<\/p>\n<p>            <img decoding=\"async\" src=\"https:\/\/www.europesays.com\/pt\/wp-content\/uploads\/2026\/01\/078c3a9c-42ba-4168-b6a4-2c7827324775.jpg\" alt=\"Sticchi Damiani, presidente do Lecce\" width=\"620\" class=\"w-full object-cover\"\/><\/p>\n<p>                    Sticchi Damiani, presidente do Lecce<\/p>\n<p>\u00ab<a class=\"autolink-enabled\" data-resource-id=\"196481\" data-resource-type=\"player\" data-sport=\"football\" href=\"https:\/\/www.abola.pt\/futebol\/jogador\/morten-hjulmand-196481\" rel=\"nofollow noopener\" target=\"_blank\">Hjulmand<\/a> foi intui\u00e7\u00e3o de Corvino [diretor-desportivo]. S\u00f3 um vision\u00e1rio como ele poderia ter vislumbrado certas qualidades no Hjulmand. N\u00e3o jogava na \u00c1ustria\u00bb, referiu, em entrevista ao Tuttosport, sendo confrontado sobre o alegado interesse da <a class=\"autolink-enabled\" data-resource-id=\"255\" data-resource-type=\"team\" data-sport=\"football\" href=\"https:\/\/www.abola.pt\/futebol\/juventus-255\" rel=\"nofollow noopener\" target=\"_blank\">Juventus<\/a> no m\u00e9dio internacional dinamarqu\u00eas.\u00a0<\/p>\n<p>            <img decoding=\"async\" src=\"https:\/\/www.europesays.com\/pt\/wp-content\/uploads\/2026\/01\/570635ff-60ba-4ec4-88c4-5aaade540833.jpg\" alt=\"Hjulmand com a camisola do Lecce\" width=\"620\" class=\"w-full object-cover\"\/><\/p>\n<p>                    Hjulmand com a camisola do Lecce<\/p>\n<p>\u00ab<a class=\"autolink-enabled\" href=\"https:\/\/www.abola.pt\/futebol\/jogador\/morten-hjulmand-196481\" data-resource-id=\"196481\" data-resource-type=\"player\" data-sport=\"football\" rel=\"nofollow noopener\" target=\"_blank\">Hjulmand<\/a> foi nosso capit\u00e3o aos 21 anos. Tem uma intelig\u00eancia incomum. Recomendaria Hjulmand a todos os clubes\u00bb, acrescentou, falando sobre o processo de contrata\u00e7\u00e3o de jogadores como Hjulmand: \u00abO diretor-desportivo assiste a muitos v\u00eddeos. Encontra perfis com qualidade que outros n\u00e3o veem, caso contr\u00e1rio n\u00e3o contrataria Hjulmand por 150 mil euros.\u00bb\u00a0<\/p>\n<p><a class=\"autolink-enabled\" data-resource-id=\"196481\" data-resource-type=\"player\" data-sport=\"football\" href=\"https:\/\/www.abola.pt\/futebol\/jogador\/morten-hjulmand-196481\" rel=\"nofollow noopener\" target=\"_blank\">Hjulmand<\/a> chegou a Alvalade no ver\u00e3o de 2023 e custou 18 milh\u00f5es de euros ao <a class=\"autolink-enabled\" data-resource-id=\"448\" data-resource-type=\"team\" data-sport=\"football\" href=\"https:\/\/www.abola.pt\/futebol\/sporting-448\" rel=\"nofollow noopener\" target=\"_blank\">Sporting<\/a>.<\/p>\n<p>Para janeiro, Sticchi Damiani n\u00e3o fecha a porta a sa\u00eddas, embora o seu desejo fosse manter todos os jogadores. <a class=\"autolink-enabled\" data-resource-id=\"300482\" data-resource-type=\"player\" data-sport=\"football\" href=\"https:\/\/www.abola.pt\/futebol\/jogador\/tiago-gabriel-300482\" rel=\"nofollow noopener\" target=\"_blank\">Tiago Gabriel<\/a>, defesa-central portugu\u00eas de 21 anos que trocou o <a class=\"autolink-enabled\" data-resource-id=\"21677\" data-resource-type=\"team\" data-sport=\"football\" href=\"https:\/\/www.abola.pt\/futebol\/estrela-da-amadora-21677\" rel=\"nofollow noopener\" target=\"_blank\">Estrela da Amadora<\/a> pelo <a class=\"autolink-enabled\" data-resource-id=\"256\" data-resource-type=\"team\" data-sport=\"football\" href=\"https:\/\/www.abola.pt\/futebol\/lecce-256\" rel=\"nofollow noopener\" target=\"_blank\">Lecce<\/a> em 2024\/2025, tem interessados, entre os quais a <a class=\"autolink-enabled\" data-resource-id=\"255\" data-resource-type=\"team\" data-sport=\"football\" href=\"https:\/\/www.abola.pt\/futebol\/juventus-255\" rel=\"nofollow noopener\" target=\"_blank\">Juventus<\/a>.\u00a0<\/p>\n<p>\u00ab\u00c9 um jogador do final de 2004 e est\u00e1 muito bem. Achamos que \u00e9 muito forte. Precisamos dele e ele precisa de n\u00f3s. N\u00e3o \u00e9 o momento certo para vend\u00ea-lo\u00bb, atirou.\u00a0<\/p>\n<p>Esta \u00e9poca, <a class=\"autolink-enabled\" data-resource-id=\"300482\" data-resource-type=\"player\" data-sport=\"football\" href=\"https:\/\/www.abola.pt\/futebol\/jogador\/tiago-gabriel-300482\" rel=\"nofollow noopener\" target=\"_blank\">Tiago Gabriel<\/a> soma 18 jogos e um golo pelos italianos do <a class=\"autolink-enabled\" data-resource-id=\"256\" data-resource-type=\"team\" data-sport=\"football\" href=\"https:\/\/www.abola.pt\/futebol\/lecce-256\" rel=\"nofollow noopener\" target=\"_blank\">Lecce<\/a>.\u00a0<\/p>\n","protected":false},"excerpt":{"rendered":"Sticchi Damiani, presidente do Lecce, recordou a passagem de Morten Hjulmand, atual capit\u00e3o do Sporting, pelo clube. \u00a0&hellip;\n","protected":false},"author":2,"featured_media":212362,"comment_status":"","ping_status":"","sticky":false,"template":"","format":"standard","meta":{"footnotes":""},"categories":[87],"tags":[135,32,33,134],"class_list":{"0":"post-212361","1":"post","2":"type-post","3":"status-publish","4":"format-standard","5":"has-post-thumbnail","7":"category-desporto","8":"tag-desporto","9":"tag-portugal","10":"tag-pt","11":"tag-sports"},"share_on_mastodon":{"url":"https:\/\/pubeurope.com\/@pt\/115827105785759353","error":""},"_links":{"self":[{"href":"https:\/\/www.europesays.com\/pt\/wp-json\/wp\/v2\/posts\/212361","targetHints":{"allow":["GET"]}}],"collection":[{"href":"https:\/\/www.europesays.com\/pt\/wp-json\/wp\/v2\/posts"}],"about":[{"href":"https:\/\/www.europesays.com\/pt\/wp-json\/wp\/v2\/types\/post"}],"author":[{"embeddable":true,"href":"https:\/\/www.europesays.com\/pt\/wp-json\/wp\/v2\/users\/2"}],"replies":[{"embeddable":true,"href":"https:\/\/www.europesays.com\/pt\/wp-json\/wp\/v2\/comments?post=212361"}],"version-history":[{"count":0,"href":"https:\/\/www.europesays.com\/pt\/wp-json\/wp\/v2\/posts\/212361\/revisions"}],"wp:featuredmedia":[{"embeddable":true,"href":"https:\/\/www.europesays.com\/pt\/wp-json\/wp\/v2\/media\/212362"}],"wp:attachment":[{"href":"https:\/\/www.europesays.com\/pt\/wp-json\/wp\/v2\/media?parent=212361"}],"wp:term":[{"taxonomy":"category","embeddable":true,"href":"https:\/\/www.europesays.com\/pt\/wp-json\/wp\/v2\/categories?post=212361"},{"taxonomy":"post_tag","embeddable":true,"href":"https:\/\/www.europesays.com\/pt\/wp-json\/wp\/v2\/tags?post=212361"}],"curies":[{"name":"wp","href":"https:\/\/api.w.org\/{rel}","templated":true}]}}