{"id":212370,"date":"2026-01-02T19:21:11","date_gmt":"2026-01-02T19:21:11","guid":{"rendered":"https:\/\/www.europesays.com\/pt\/212370\/"},"modified":"2026-01-02T19:21:11","modified_gmt":"2026-01-02T19:21:11","slug":"chinesa-byd-ultrapassa-tesla-apos-queda-de-quase-9-nas-entregas","status":"publish","type":"post","link":"https:\/\/www.europesays.com\/pt\/212370\/","title":{"rendered":"Chinesa BYD ultrapassa Tesla ap\u00f3s queda de quase 9% nas entregas"},"content":{"rendered":"<p data-remotead-prev-elm=\"true\" data-remotead-elm-id=\"inread\">A Tesla anunciou hoje que entregou cerca de 1,64 milh\u00f5es de ve\u00edculos em 2025, uma queda de quase 9% em rela\u00e7\u00e3o ao ano anterior.<\/p>\n<p>Por sua vez, a rival chinesa BYD, que vendeu 2,26 milh\u00f5es de ve\u00edculos no ano passado, \u00e9 agora a maior fabricante de ve\u00edculos el\u00e9tricos.<\/p>\n<p>No quarto trimestre, as vendas totalizaram 418.227, ficando aqu\u00e9m das 440 mil unidades esperadas pelos analistas, segundo a Associated Press, sendo que o total de vendas foi afetado pelo fim do cr\u00e9dito fiscal de 7500 d\u00f3lares (cerca de 6384 euros) a carros el\u00e9tricos, gradualmente eliminado pelo governo de Donald Trump no final de setembro.<\/p>\n<p data-remotead-prev-elm=\"true\" data-remotead-elm-id=\"centro1\">As a\u00e7\u00f5es da Tesla seguiam praticamente inalteradas, rondando os 450 d\u00f3lares, na abertura do mercado de hoje.<\/p>\n<p>Mesmo com v\u00e1rias quest\u00f5es a afetar a empresa, os investidores apostam que o presidente executivo (CEO) da Tesla, Musk, poder\u00e1 concretizar as suas ambi\u00e7\u00f5es de tornar a Tesla l\u00edder no servi\u00e7o de t\u00e1xis rob\u00f3ticos e fazer com que os consumidores adotem rob\u00f4s humanoides capazes de realizar tarefas b\u00e1sicas em casas e escrit\u00f3rios. Refletindo esse otimismo, as a\u00e7\u00f5es encerraram 2025 com um ganho de aproximadamente 11%.<\/p>\n<p>O \u00faltimo trimestre foi o primeiro com vendas das vers\u00f5es simplificadas do Model Y e do Model 3, que Musk revelou no in\u00edcio de outubro como parte de um esfor\u00e7o para reativar as vendas. O novo Model Y custa pouco menos de 40 mil d\u00f3lares (34 mil euros), enquanto os clientes podem comprar o Model 3, mais barato, por menos de 37 mil d\u00f3lares (31,5 mil euros). Espera-se que essas vers\u00f5es ajudem a Tesla a competir com os modelos chineses na Europa e na \u00c1sia.<\/p>\n<p>Para os resultados do quarto trimestre, que ser\u00e3o divulgados no final de janeiro, os analistas esperam que a empresa registe uma queda de 3% nas vendas e uma descida de quase 40% no lucro por a\u00e7\u00e3o, mas estimam que a tend\u00eancia de queda nas vendas e nos lucros se reverta ao longo de 2026.<\/p>\n","protected":false},"excerpt":{"rendered":"A Tesla anunciou hoje que entregou cerca de 1,64 milh\u00f5es de ve\u00edculos em 2025, uma queda de quase&hellip;\n","protected":false},"author":2,"featured_media":212371,"comment_status":"","ping_status":"","sticky":false,"template":"","format":"standard","meta":{"footnotes":""},"categories":[8],"tags":[27,28,3895,476,15,16,14,25,26,21,22,12,13,19,20,32,23,24,33,296,17,18,29,30,31],"class_list":{"0":"post-212370","1":"post","2":"type-post","3":"status-publish","4":"format-standard","5":"has-post-thumbnail","7":"category-principais-noticias","8":"tag-breaking-news","9":"tag-breakingnews","10":"tag-byd","11":"tag-economia","12":"tag-featured-news","13":"tag-featurednews","14":"tag-headlines","15":"tag-latest-news","16":"tag-latestnews","17":"tag-main-news","18":"tag-mainnews","19":"tag-news","20":"tag-noticias","21":"tag-noticias-principais","22":"tag-noticiasprincipais","23":"tag-portugal","24":"tag-principais-noticias","25":"tag-principaisnoticias","26":"tag-pt","27":"tag-tesla","28":"tag-top-stories","29":"tag-topstories","30":"tag-ultimas","31":"tag-ultimas-noticias","32":"tag-ultimasnoticias"},"share_on_mastodon":{"url":"https:\/\/pubeurope.com\/@pt\/115827132618800712","error":""},"_links":{"self":[{"href":"https:\/\/www.europesays.com\/pt\/wp-json\/wp\/v2\/posts\/212370","targetHints":{"allow":["GET"]}}],"collection":[{"href":"https:\/\/www.europesays.com\/pt\/wp-json\/wp\/v2\/posts"}],"about":[{"href":"https:\/\/www.europesays.com\/pt\/wp-json\/wp\/v2\/types\/post"}],"author":[{"embeddable":true,"href":"https:\/\/www.europesays.com\/pt\/wp-json\/wp\/v2\/users\/2"}],"replies":[{"embeddable":true,"href":"https:\/\/www.europesays.com\/pt\/wp-json\/wp\/v2\/comments?post=212370"}],"version-history":[{"count":0,"href":"https:\/\/www.europesays.com\/pt\/wp-json\/wp\/v2\/posts\/212370\/revisions"}],"wp:featuredmedia":[{"embeddable":true,"href":"https:\/\/www.europesays.com\/pt\/wp-json\/wp\/v2\/media\/212371"}],"wp:attachment":[{"href":"https:\/\/www.europesays.com\/pt\/wp-json\/wp\/v2\/media?parent=212370"}],"wp:term":[{"taxonomy":"category","embeddable":true,"href":"https:\/\/www.europesays.com\/pt\/wp-json\/wp\/v2\/categories?post=212370"},{"taxonomy":"post_tag","embeddable":true,"href":"https:\/\/www.europesays.com\/pt\/wp-json\/wp\/v2\/tags?post=212370"}],"curies":[{"name":"wp","href":"https:\/\/api.w.org\/{rel}","templated":true}]}}