{"id":212377,"date":"2026-01-02T19:28:08","date_gmt":"2026-01-02T19:28:08","guid":{"rendered":"https:\/\/www.europesays.com\/pt\/212377\/"},"modified":"2026-01-02T19:28:08","modified_gmt":"2026-01-02T19:28:08","slug":"mercado-liverpool-assegura-prodigio-de-17-anos-que-defrontou-portugal","status":"publish","type":"post","link":"https:\/\/www.europesays.com\/pt\/212377\/","title":{"rendered":"Mercado: Liverpool assegura prod\u00edgio de 17 anos que defrontou Portugal"},"content":{"rendered":"<p>O <a target=\"_blank\" class=\"editor-link autolink-enabled\" href=\"https:\/\/www.abola.pt\/futebol\/liverpool-92\" data-resource-id=\"92\" data-resource-type=\"team\" data-sport=\"football\" rel=\"nofollow noopener\">Liverpool<\/a> chegou a acordo com o <a target=\"_blank\" class=\"editor-link autolink-enabled\" href=\"https:\/\/www.abola.pt\/futebol\/austria-viena-494\" data-resource-id=\"494\" data-resource-type=\"team\" data-sport=\"football\" rel=\"nofollow noopener\">\u00c1ustria Viena<\/a> e assegurou a contrata\u00e7\u00e3o de Ifeanyi Ndukwe, central de apenas 17 anos, avan\u00e7ou esta sexta-feira a imprensa austr\u00edaca e confirmou Fabrizio Romano.<\/p>\n<p>O jovem defesa, que defrontou <a target=\"_blank\" class=\"editor-link autolink-enabled\" href=\"https:\/\/www.abola.pt\/futebol\/portugal-sub-17-7856\" data-resource-id=\"7856\" data-resource-type=\"team\" data-sport=\"football\" rel=\"nofollow noopener\">Portugal<\/a> na final do <a target=\"_blank\" class=\"editor-link autolink-enabled\" href=\"https:\/\/www.abola.pt\/futebol\/competicao\/mundial-sub-17-205\" data-resource-id=\"205\" data-resource-type=\"competition\" data-sport=\"football\" rel=\"nofollow noopener\">Mundial sub-17<\/a>, vencida pelos lusos (1-0) , vai refor\u00e7ar os reds apenas no ver\u00e3o, adianta a mesma fonte, que refere que o jogador \u00e9 visto pelos respons\u00e1veis do campe\u00e3o ingl\u00eas como \u00abum grande talento\u00bb, j\u00e1 antevendo a sucess\u00e3o do capit\u00e3o <a class=\"autolink-enabled\" data-resource-id=\"1833\" data-resource-type=\"player\" data-sport=\"football\" href=\"https:\/\/www.abola.pt\/futebol\/jogador\/virgil-van-dijk-1833\" rel=\"nofollow noopener\" target=\"_blank\">Virgil van Dijk<\/a>.<\/p>\n<p>Curiosamente, Ndukwe ainda n\u00e3o se estreou pela equipa principal do \u00c1ustria Viena, somando seis partidas pelo conjunto B do emblema da capital austr\u00edaca e uma pelos juniores na temporada em curso.<\/p>\n<p>Segundo o site especializado Transfermarkt, o central nascido em 2008 (completa 18 anos a 3 de mar\u00e7o) tem uma avalia\u00e7\u00e3o de um milh\u00e3o de euros.<\/p>\n","protected":false},"excerpt":{"rendered":"O Liverpool chegou a acordo com o \u00c1ustria Viena e assegurou a contrata\u00e7\u00e3o de Ifeanyi Ndukwe, central de&hellip;\n","protected":false},"author":2,"featured_media":212378,"comment_status":"","ping_status":"","sticky":false,"template":"","format":"standard","meta":{"footnotes":""},"categories":[87],"tags":[135,32,33,134],"class_list":{"0":"post-212377","1":"post","2":"type-post","3":"status-publish","4":"format-standard","5":"has-post-thumbnail","7":"category-desporto","8":"tag-desporto","9":"tag-portugal","10":"tag-pt","11":"tag-sports"},"share_on_mastodon":{"url":"https:\/\/pubeurope.com\/@pt\/115827160310669131","error":""},"_links":{"self":[{"href":"https:\/\/www.europesays.com\/pt\/wp-json\/wp\/v2\/posts\/212377","targetHints":{"allow":["GET"]}}],"collection":[{"href":"https:\/\/www.europesays.com\/pt\/wp-json\/wp\/v2\/posts"}],"about":[{"href":"https:\/\/www.europesays.com\/pt\/wp-json\/wp\/v2\/types\/post"}],"author":[{"embeddable":true,"href":"https:\/\/www.europesays.com\/pt\/wp-json\/wp\/v2\/users\/2"}],"replies":[{"embeddable":true,"href":"https:\/\/www.europesays.com\/pt\/wp-json\/wp\/v2\/comments?post=212377"}],"version-history":[{"count":0,"href":"https:\/\/www.europesays.com\/pt\/wp-json\/wp\/v2\/posts\/212377\/revisions"}],"wp:featuredmedia":[{"embeddable":true,"href":"https:\/\/www.europesays.com\/pt\/wp-json\/wp\/v2\/media\/212378"}],"wp:attachment":[{"href":"https:\/\/www.europesays.com\/pt\/wp-json\/wp\/v2\/media?parent=212377"}],"wp:term":[{"taxonomy":"category","embeddable":true,"href":"https:\/\/www.europesays.com\/pt\/wp-json\/wp\/v2\/categories?post=212377"},{"taxonomy":"post_tag","embeddable":true,"href":"https:\/\/www.europesays.com\/pt\/wp-json\/wp\/v2\/tags?post=212377"}],"curies":[{"name":"wp","href":"https:\/\/api.w.org\/{rel}","templated":true}]}}