{"id":212389,"date":"2026-01-02T19:36:17","date_gmt":"2026-01-02T19:36:17","guid":{"rendered":"https:\/\/www.europesays.com\/pt\/212389\/"},"modified":"2026-01-02T19:36:17","modified_gmt":"2026-01-02T19:36:17","slug":"ze-felipe-muda-visual-apos-fim-de-promessa-veja-antes-e-depois-da-mudanca-globo","status":"publish","type":"post","link":"https:\/\/www.europesays.com\/pt\/212389\/","title":{"rendered":"Z\u00e9 Felipe muda visual ap\u00f3s fim de promessa; veja antes e depois da mudan\u00e7a &#8211; Globo"},"content":{"rendered":"<ol>\n<li><a href=\"https:\/\/news.google.com\/rss\/articles\/CBMioAFBVV95cUxOemR6LXpBUjNlR2MxUXBJS2VTYXhyWjJpV1Y2Sjl2bmx6WUpQYVpuZzRLYm1xazVicmxCUlpadTdxYnc0RHFtZnFKTHliSzJiLVNCZzh2V1BGZjRacVEtS1BLaGRXU3ZjeldRVjYzUkpOY0xodHlpeDY0LTJOaTVaVGlVVTJ0dXhzbTFsSkk5VlI4SFJNdC1QZFhQMnhTb3BV0gGvAUFVX3lxTE5McExwWG44M3hwTzJZNkRCRlBOVjRkR2xZaExsbjhGVElLSGxHSm9OdXlzajVfTjYzNGtSeVllY19XYmlkV1p1WXh4ZDE2QUR0NUM4bGRkSk15cHVVa1BkNlFLSFRTVXNfY2REcWxIMVI4elhIbW8zaEhKWC1kRVVjRjdvNVBGZlBqMGphNExWZVVaOXhKdmNFNnpXWXB3ZjZ3Z25EZVZPeWZwdGhjUlk?oc=5\" target=\"_blank\" rel=\"nofollow noopener\">Z\u00e9 Felipe muda visual ap\u00f3s fim de promessa; veja antes e depois da mudan\u00e7a<\/a>&nbsp;&nbsp;Globo<\/li>\n<li><a href=\"https:\/\/news.google.com\/rss\/articles\/CBMihAFBVV95cUxOZ28zRWZPdHRZeXhheGNUaVotTHlIeEQ1VEVMYkJGRWZCQjJkMzdOQlNDZVpQeTRPcTVYa0FCWHlFMnp2bkxISmp6b0ZFVVF4aEM5eVRndW1JN1Z4QXBxYzdaaGVRTlEwOGhXNzRsd1MwX0VpRFROLTFWWGZTdWpybWZJRno?oc=5\" target=\"_blank\" rel=\"nofollow noopener\">Solteiro, Z\u00e9 Felipe muda visual e raspa a cabe\u00e7a; veja<\/a>&nbsp;&nbsp;UOL<\/li>\n<li><a href=\"https:\/\/news.google.com\/rss\/articles\/CBMi6gFBVV95cUxPalVfN25QVUNjeGRFSW9QbjFpeGdyMlFIdWVjRmdCMFBMWTJoNG1tWWdqUGd2cFRoRTU1UTFHWFdLVklVTjVmOG0xQUF5eU9LeE96c3FCOUVYMGlyR0poYS10azVzbzJjYU9CWGVUSVZCU29YaFZ5cUxlNHV6TV9XbGRVZ0NrYkFuQ2NNOUhlTlIzTDEtRWNyNmFLa1FrSjc3UU1rV3Npb1U4S1pjQml1TFNRUUtyUHA1Rjhkb0pTLTZzdWRieXNfaDJrVEtJMnFiRnB4R2QwaHU5bS1jdHlvTWVhTGVyY0Y2X1E?oc=5\" target=\"_blank\" rel=\"nofollow noopener\">Cantor explica &#8220;aval&#8221; em foto pol\u00eamica com Vini Jr nas redes sociais<\/a>&nbsp;&nbsp;Terra<\/li>\n<li><a href=\"https:\/\/news.google.com\/rss\/articles\/CBMirAFBVV95cUxPc3lDSUtJbFFqWmNEdmt3SE5aUDEweTB5VlBMckdCem9QMTYxU1gwRHFCaEg1Q3JJak9JTHpzeTNvUEZONTFFZ0JQdGxLZ2pwWksxLXZoaDhUSHktb180dnB2NDBPdmh3NHRpckFyRjJTUjJ4MDh4UVpNSWd5OWR0OVB1cTJMOU9QVEhUTWtqQVU0QzNTaGExV3pZYVc1M3gteTNsdTZyUVBDOGlF?oc=5\" target=\"_blank\" rel=\"nofollow noopener\">O coment\u00e1rio de Gustavo Mioto visto como indireta a Ana Castela<\/a>&nbsp;&nbsp;VEJA<\/li>\n<li><a href=\"https:\/\/news.google.com\/rss\/articles\/CBMiwgFBVV95cUxQT2Nvdk0xMlF3MENiMi1PbGFkNmJJclhTRi1DS3RNbGFzSWV5cmViVlpUS1BWZVpmVThBWW9NYy1iOGthQWRQcl9PaGkwT3JuX0d1WWRaN1U4cTVYbFlUUFRFRWhCYjlXNUNuTEFoWFhRYmFORTZnM295NzVWRGRySWJjbDctdGh0aFlIZ3FqZE0tVU5ub3pJSEtLc1Q3V2xidnlERC1GWVA4Q2picndBc0ZNeUx1QzVNX09hZUVnT0p3Zw?oc=5\" target=\"_blank\" rel=\"nofollow noopener\">O que Poliana Rocha, m\u00e3e de Z\u00e9 Felipe, disse para Ana Castela ap\u00f3s fim do namoro<\/a>&nbsp;&nbsp;Estad\u00e3o<\/li>\n<\/ol>\n","protected":false},"excerpt":{"rendered":"Z\u00e9 Felipe muda visual ap\u00f3s fim de promessa; veja antes e depois da mudan\u00e7a&nbsp;&nbsp;Globo Solteiro, Z\u00e9 Felipe muda&hellip;\n","protected":false},"author":2,"featured_media":212390,"comment_status":"","ping_status":"","sticky":false,"template":"","format":"standard","meta":{"footnotes":""},"categories":[145],"tags":[13762,211,210,114,115,32,33,1446,1445],"class_list":{"0":"post-212389","1":"post","2":"type-post","3":"status-publish","4":"format-standard","5":"has-post-thumbnail","7":"category-celebridades","8":"tag-ana-castela","9":"tag-celebridades","10":"tag-celebrities","11":"tag-entertainment","12":"tag-entretenimento","13":"tag-portugal","14":"tag-pt","15":"tag-virginia-fonseca","16":"tag-ze-felipe"},"share_on_mastodon":{"url":"https:\/\/pubeurope.com\/@pt\/115827191486895029","error":""},"_links":{"self":[{"href":"https:\/\/www.europesays.com\/pt\/wp-json\/wp\/v2\/posts\/212389","targetHints":{"allow":["GET"]}}],"collection":[{"href":"https:\/\/www.europesays.com\/pt\/wp-json\/wp\/v2\/posts"}],"about":[{"href":"https:\/\/www.europesays.com\/pt\/wp-json\/wp\/v2\/types\/post"}],"author":[{"embeddable":true,"href":"https:\/\/www.europesays.com\/pt\/wp-json\/wp\/v2\/users\/2"}],"replies":[{"embeddable":true,"href":"https:\/\/www.europesays.com\/pt\/wp-json\/wp\/v2\/comments?post=212389"}],"version-history":[{"count":0,"href":"https:\/\/www.europesays.com\/pt\/wp-json\/wp\/v2\/posts\/212389\/revisions"}],"wp:featuredmedia":[{"embeddable":true,"href":"https:\/\/www.europesays.com\/pt\/wp-json\/wp\/v2\/media\/212390"}],"wp:attachment":[{"href":"https:\/\/www.europesays.com\/pt\/wp-json\/wp\/v2\/media?parent=212389"}],"wp:term":[{"taxonomy":"category","embeddable":true,"href":"https:\/\/www.europesays.com\/pt\/wp-json\/wp\/v2\/categories?post=212389"},{"taxonomy":"post_tag","embeddable":true,"href":"https:\/\/www.europesays.com\/pt\/wp-json\/wp\/v2\/tags?post=212389"}],"curies":[{"name":"wp","href":"https:\/\/api.w.org\/{rel}","templated":true}]}}